{"id":42960,"date":"2025-08-27T23:30:44","date_gmt":"2025-08-27T21:30:44","guid":{"rendered":"https:\/\/www.veneziadavivere.com\/lanthimos-and-baumbach-clooney-entertains-the-lido-at-venice82\/"},"modified":"2026-03-25T10:14:33","modified_gmt":"2026-03-25T09:14:33","slug":"lanthimos-and-baumbach-clooney-entertains-the-lido-at-venice82","status":"publish","type":"post","link":"https:\/\/www.veneziadavivere.com\/en\/lanthimos-and-baumbach-clooney-entertains-the-lido-at-venice82\/","title":{"rendered":"Lanthimos and Baumbach: Clooney Entertains the Lido at #Venice82"},"content":{"rendered":"<div class=\"wpb-content-wrapper\" id=\"wpb-content-root\"><p>[vc_row][vc_column][vc_column_text css=&#8221;&#8221;]<\/p>\n<figure id=\"attachment_36092\" aria-describedby=\"caption-attachment-36092\" style=\"width: 1280px\" class=\"wp-caption alignnone\"><img loading=\"lazy\" decoding=\"async\" class=\"wp-image-36092 size-full\" src=\"https:\/\/www.veneziadavivere.com\/wp-content\/uploads\/2025\/08\/rossviola_Red-Carper-Jay-Kelly-33-e1756471210511.jpeg\" alt=\"George and Amal Clooney on the red carpet of the Venice82 Film Festival\" width=\"1280\" height=\"800\" srcset=\"https:\/\/www.veneziadavivere.com\/wp-content\/uploads\/2025\/08\/rossviola_Red-Carper-Jay-Kelly-33-e1756471210511.jpeg 1280w, https:\/\/www.veneziadavivere.com\/wp-content\/uploads\/2025\/08\/rossviola_Red-Carper-Jay-Kelly-33-e1756471210511-600x375.jpeg 600w\" sizes=\"auto, (max-width: 1280px) 100vw, 1280px\" \/><figcaption id=\"caption-attachment-36092\" class=\"wp-caption-text\">George and Amal Clooney on the red carpet of the Venice82 Film Festival, ph Rossana Viola<\/figcaption><\/figure>\n<h2>The second Coffee with Venezia da Vivere recounts the second day at the #Venice82 Film Festival with three films in competition: Lanthimos with Emma Stone, Baumbach with George Clooney, Adam Sandler and Laura Dern, and Nemes with the film Orphan. The program becomes exceptionally rich, making room for women&#8217;s stories, emotional journeys and the desire for change <\/h2>\n<p>Greek director <strong>Yorgos Lanthimos<\/strong> is the first Golden Lion winner to enter the arena, in competition at the 82nd Venice International Film Festival, and he does so alongside <strong>Emma Stone<\/strong>, the actress with whom he has also participated in other editions of the festival, with <strong><em>Bugonia<\/em><\/strong>. <\/p>\n<p>In 2018, he made his mark with <em>The Favourite<\/em>, winning the Special Jury Prize and the Volpi Cup for Best Actress for <strong>Olivia Colman<\/strong> (later awarded the Golden Globe and Oscar). In 2023, at his second participation, he brought home the most coveted prize, the Golden Lion for Best Film, with <em>Poor Things!<\/em>, which then led Emma Stone to triumph at the Oscars. <\/p>\n<p>He returns to Venice this year with the story of two young people obsessed with conspiracies who kidnap the powerful CEO of a large company, convinced that she is an alien intent on destroying planet Earth.<\/p>\n<p>While Lanthimos abandons the Gothic and Victorian atmospheres to transport us into contemporary reality, he maintains his team: <strong>Robbie Ryan<\/strong> as director of photography, <strong>Yorgos Mavropsaridis<\/strong> as editor, <strong>Johnnie Burn<\/strong> on sound and <strong>Jerskin Fendrix<\/strong> on the soundtrack. The cast, in addition to Stone, also includes <strong>Jesse Plemons, Aidan Delbis, Stavros Halkias<\/strong> and <strong>Alicia Silverstone<\/strong>. <\/p>\n<div class=\"rgg-container\" data-rgg-id=\"2\">    <div class=\"rgg-imagegrid captions-overlay-hover-show captions-effect-slide_up \" data-rgg-id=\"2\">\n                    <a  title=\"\" data-caption=\"\" class=\" size-full rgg-img\" data-ratio=\"0.66625\">\n                <img decoding=\"async\" class=\"rgg-tile-img\" src=\"https:\/\/www.veneziadavivere.com\/wp-content\/uploads\/2025\/08\/Emanuela-Fanelli-Excelsior-Venezia82-ph-Marta-Formentello.jpg\" sizes=\"(max-width: 533px) 100vw, 533px\" alt=\"\" loading=\"lazy\" \/>            <\/a>\n                    <a  title=\"\" data-caption=\"\" class=\" size-full rgg-img\" data-ratio=\"0.66625\">\n                <img decoding=\"async\" class=\"rgg-tile-img\" src=\"https:\/\/www.veneziadavivere.com\/wp-content\/uploads\/2025\/08\/La-Grazia-Cast-Darsena-Excelsior-Venezia82-ph-Marta-Formentello.jpg\" sizes=\"(max-width: 533px) 100vw, 533px\" alt=\"\" loading=\"lazy\" \/>            <\/a>\n            <\/div>\n<\/div>\n<h3>The Return of George Clooney<\/h3>\n<p>The most anticipated figure of the second day is <strong>George Clooney<\/strong>. This year he returned to Venice with his wife Amal nearly 11 years after their wedding celebrated in the Lagoon, sparking the interest of photographers and onlookers from their arrival last Tuesday, when the couple boarded the water taxi and Amal&#8217;s elegance in a butter-colored sheath dress captivated everyone. <\/p>\n<p>Clooney is in Venice for the competition presentation of <em>Jay Kelly<\/em> by <strong>Noah Baumbach<\/strong>, at his third participation in Venice.<\/p>\n<p>The film explores the changes that a famous film actor and his loyal manager must face during a whirlwind journey of unexpected depth through Europe. &#8220;<em>Jay Kelly tells the story of a man who reflects on his life and contemplates his choices, sacrifices, successes, and mistakes<\/em>&#8221; recounts the director. &#8220;<em>The theme of the film is identity. How we play our part. Who are we as parents, children, friends, professionals? Are we good? Are we bad? What is the gap between who we have decided to be and who we could actually be? What makes a life special? Jay Kelly explores what it means to be oneself       <\/em>.&#8221;<\/p>\n<p>Alongside Clooney, the cast includes <strong>Adam Sandler, Laura Dern, Billy Crudup, Riley Keough, Eve Hewson<\/strong>, director <strong>Greta Gerwig<\/strong>, Baumbach&#8217;s wife, and Italian actress <strong>Alba Rohrwacher<\/strong>.<\/p>\n<div class=\"rgg-container\" data-rgg-id=\"4\">    <div class=\"rgg-imagegrid captions-overlay-hover-show captions-effect-slide_up \" data-rgg-id=\"4\">\n                    <a  title=\"George Clooney con Amal sul red carpet della Mostra del Cinema al Lido di Venezia. Foto di Rossana Viola\" data-caption=\"George Clooney con Amal sul red carpet della Mostra del Cinema al Lido di Venezia. Foto di Rossana Viola\" class=\" size-full rgg-img\" data-ratio=\"0.66625\">\n                <img decoding=\"async\" class=\"rgg-tile-img\" src=\"https:\/\/www.veneziadavivere.com\/wp-content\/uploads\/2024\/09\/George-Clooney-ph.-Rossana-Viola-Mostra-del-Cinema-di-Venezia-2024.jpg\" sizes=\"(max-width: 533px) 100vw, 533px\" alt=\"George Clooney con Amal sul red carpet della Mostra del Cinema al Lido di Venezia. Foto di Rossana Viola\" loading=\"lazy\" \/><span class=\"rgg-caption-container\"><span class=\"rgg-caption\"><span class=\"rgg-inner-caption\">George Clooney con Amal sul red carpet della Mostra del Cinema al Lido di Venezia. Foto di Rossana Viola<\/span><\/span><\/span>            <\/a>\n                    <a  title=\"\" data-caption=\"\" class=\" size-full rgg-img\" data-ratio=\"0.66625\">\n                <img decoding=\"async\" class=\"rgg-tile-img\" src=\"https:\/\/www.veneziadavivere.com\/wp-content\/uploads\/2024\/09\/Venezia81-Mostra-del-cinema-2024-ph.-Rossana-Viola.jpg\" sizes=\"(max-width: 533px) 100vw, 533px\" alt=\"\" loading=\"lazy\" \/>            <\/a>\n            <\/div>\n<\/div>\n<h3>The Third Film in Competition of the Day: Orphan<\/h3>\n<p>The third film in competition presented on the second day of the Film Festival is <em>Orphan<\/em> by Hungarian director <strong>L\u00e1szl\u00f3 Nemes<\/strong>.<\/p>\n<p>In late 1950s Budapest, recovering from the anti-communist uprisings of 1956, a Jewish boy meets a man who claims to be his father, but who proves extremely distant from the image he had formed of him based on his mother&#8217;s stories.<\/p>\n<p>The background of Orphan stems from the director&#8217;s personal history, having grown up in a family that endured &#8220;<em>the devastations of the Holocaust and the tyranny of the communist regime<\/em>.&#8221;<\/p>\n<p>The cast includes <strong>Bojtorj\u00e1n Bar\u00e1bas, Andrea Waskovics, Gr\u00e9gory Gadebois, El\u00edz Szab\u00f3, S\u00e1ndor Soma, Marcin Czarnik<\/strong>.<\/p>\n<h3>Films of the Day in Other Sections<\/h3>\n<p>The program for the second day of the festival presents several sections.<\/p>\n<p class=\"whitespace-normal break-words\">For <strong>Orizzonti<\/strong>, the section dedicated to works representing new aesthetic trends, two films will be presented: <em><strong>Otec<\/strong> (<strong>Father<\/strong>)<\/em> by Slovak director <strong>Tereza Nvotova<\/strong>, which transports the viewer into the intense whirlwind of emotions a man experiences while facing the multiple consequences of his mistake, while <strong><em>Il rapimento di Arabella<\/em><\/strong> by <strong>Carolina Cavalli<\/strong> with <strong>Benedetta Porcaroli, Lucrezia Guglielmino, Marco Bonadei<\/strong> and <strong>Eva Robin&#8217;s<\/strong>, tells, in the director&#8217;s words, of &#8220;<em>a girl who finds a way to resolve her past, overcome regrets, calm anxiety about the future and forget failed expectations<\/em>.&#8221;<\/p>\n<p><strong>Out of Competition<\/strong> will screen <strong><em>Director&#8217;s Diary<\/em><\/strong>, the over 5-hour journey that Russian director <strong>Alexander Sokurov<\/strong> conducts through the history of the second half of the twentieth century.<\/p>\n<p class=\"whitespace-normal break-words\">For <strong>Biennale College Cinema<\/strong>, <strong><em>Secret of a Mountain Serpent<\/em><\/strong> by <strong>Nidhi Saxena<\/strong> will be presented, the story set in a remote Himalayan town during the Kargil War of a woman searching for her own freedom and love.<\/p>\n<p>Another women&#8217;s story, in the <strong>Venice Spotlight<\/strong> section, is told by <strong><em>Hijra<\/em><\/strong> by <strong>Shahad Ameen<\/strong>, which addresses the relationship between grandmother and grandchildren traveling together to Mecca. &#8220;<em>With Hijra I wanted to capture the silent revolutions of women on the move and explore how freedom is understood across time and generations<\/em>&#8221; recounts the director.<\/p>\n<p>Three films presented in the <strong>Venice Classics<\/strong> section: <em>Bashu the Little Stranger<\/em> from 1989 by Iranian director Bahram Beyzai, <em>The Delicate Delinquent<\/em> from 1957 by Don McGuire with Jerry Lewis and the documentary <em>Megadoc<\/em> by Mike Figgis about Francis Ford Coppola and his project <em>Megalopolis<\/em>, featuring Adam Driver, Dustin Hoffman, Shia LaBeouf and Robert De Niro.<\/p>\n<p class=\"whitespace-normal break-words\"><strong>Venice Days<\/strong> gets underway with <strong><em>Laguna<\/em><\/strong> by Lithuanian director <strong>Sharunas Bartas<\/strong> and <strong><em>La Gioia<\/em><\/strong> by <strong>Nicolangelo Gelormini<\/strong>, with <strong>Valeria Golino, Saul Nanni<\/strong> and <strong>Jasmine Trinca<\/strong>. The latter is a film about an impossible and fragile relationship between a teacher and her student, who works as a gigolo to make ends meet. <\/p>\n<p>For the <strong>International Critics&#8217; Week<\/strong>, the day features the short film <strong><em>Restare<\/em><\/strong> by <strong>Fabio Bobbio<\/strong> and the film <strong><em>Les Immortelles<\/em><\/strong> <em>(<\/em><strong><em>Stereo Girls<\/em><\/strong><em>)<\/em> by <strong>Caroline Deruas Peano<\/strong>.   <\/p>\n<div class=\"rgg-container\" data-rgg-id=\"6\">    <div class=\"rgg-imagegrid captions-overlay-hover-show captions-effect-slide_up \" data-rgg-id=\"6\">\n                    <a  title=\"\" data-caption=\"\" class=\" size-full rgg-img\" data-ratio=\"0.66625\">\n                <img decoding=\"async\" class=\"rgg-tile-img\" src=\"https:\/\/www.veneziadavivere.com\/wp-content\/uploads\/2025\/08\/EmmaStone-AtelierVersace.jpg\" sizes=\"(max-width: 533px) 100vw, 533px\" alt=\"\" loading=\"lazy\" \/>            <\/a>\n                    <a  title=\"\" data-caption=\"\" class=\" size-full rgg-img\" data-ratio=\"0.6675\">\n                <img decoding=\"async\" class=\"rgg-tile-img\" src=\"https:\/\/www.veneziadavivere.com\/wp-content\/uploads\/2018\/09\/Olivia-Colman-Ph-Massimo-Peca-Veneziadavivere-Venezia75-Cinema2018-RedCarpet.jpg\" sizes=\"(max-width: 534px) 100vw, 534px\" alt=\"\" loading=\"lazy\" \/>            <\/a>\n            <\/div>\n<\/div>\n<h3><a href=\"https:\/\/www.veneziadavivere.com\/en\/venice-film-festival-2025-discover-venezia82-between-auteur-cinema-and-stellar-glamour\/\" target=\"_blank\" rel=\"noopener\">Read More About #Venice82<\/a><\/h3>\n<p><em>Article by Pietro Gallina (<a href=\"https:\/\/www.veneziacinema.com\" target=\"_blank\" rel=\"noopener nofollow\">VeneziaCinema<\/a>) with Lucia Pecoraro.<br \/>\nPhotos by Rossana Viola. The portrait of Olivia Colman is by Massimo Peca. <\/em><\/p>\n<p>[\/vc_column_text][\/vc_column][\/vc_row]<\/p>\n<\/div>","protected":false},"excerpt":{"rendered":"<p>[vc_row][vc_column][vc_column_text css=&#8221;&#8221;] The second Coffee with Venezia da Vivere recounts the second day at the #Venice82 Film Festival with three films in competition: Lanthimos with Emma Stone, Baumbach with George Clooney, Adam Sandler and Laura Dern, and Nemes with the film Orphan. The program becomes exceptionally rich, making room for women&#8217;s stories, emotional journeys and [&hellip;]<\/p>\n","protected":false},"author":14,"featured_media":41252,"comment_status":"closed","ping_status":"closed","sticky":false,"template":"","format":"standard","meta":{"_genesis_hide_title":false,"_genesis_hide_breadcrumbs":false,"_genesis_hide_singular_image":false,"_genesis_hide_footer_widgets":false,"_genesis_custom_body_class":"","_genesis_custom_post_class":"","_genesis_layout":"","footnotes":""},"categories":[84],"tags":[],"class_list":["post-42960","post","type-post","status-publish","format-standard","has-post-thumbnail","category-news","entry"],"_links":{"self":[{"href":"https:\/\/www.veneziadavivere.com\/en\/wp-json\/wp\/v2\/posts\/42960","targetHints":{"allow":["GET"]}}],"collection":[{"href":"https:\/\/www.veneziadavivere.com\/en\/wp-json\/wp\/v2\/posts"}],"about":[{"href":"https:\/\/www.veneziadavivere.com\/en\/wp-json\/wp\/v2\/types\/post"}],"author":[{"embeddable":true,"href":"https:\/\/www.veneziadavivere.com\/en\/wp-json\/wp\/v2\/users\/14"}],"replies":[{"embeddable":true,"href":"https:\/\/www.veneziadavivere.com\/en\/wp-json\/wp\/v2\/comments?post=42960"}],"version-history":[{"count":2,"href":"https:\/\/www.veneziadavivere.com\/en\/wp-json\/wp\/v2\/posts\/42960\/revisions"}],"predecessor-version":[{"id":42981,"href":"https:\/\/www.veneziadavivere.com\/en\/wp-json\/wp\/v2\/posts\/42960\/revisions\/42981"}],"wp:featuredmedia":[{"embeddable":true,"href":"https:\/\/www.veneziadavivere.com\/en\/wp-json\/wp\/v2\/media\/41252"}],"wp:attachment":[{"href":"https:\/\/www.veneziadavivere.com\/en\/wp-json\/wp\/v2\/media?parent=42960"}],"wp:term":[{"taxonomy":"category","embeddable":true,"href":"https:\/\/www.veneziadavivere.com\/en\/wp-json\/wp\/v2\/categories?post=42960"},{"taxonomy":"post_tag","embeddable":true,"href":"https:\/\/www.veneziadavivere.com\/en\/wp-json\/wp\/v2\/tags?post=42960"}],"curies":[{"name":"wp","href":"https:\/\/api.w.org\/{rel}","templated":true}]}}