{"id":43363,"date":"2024-05-03T17:24:25","date_gmt":"2024-05-03T15:24:25","guid":{"rendered":"https:\/\/www.veneziadavivere.com\/may-2024-in-venice-innovation-and-maritime-tradition\/"},"modified":"2026-03-25T12:21:22","modified_gmt":"2026-03-25T11:21:22","slug":"may-2024-in-venice-innovation-and-maritime-tradition","status":"publish","type":"post","link":"https:\/\/www.veneziadavivere.com\/en\/may-2024-in-venice-innovation-and-maritime-tradition\/","title":{"rendered":"May 2024 in Venice: Innovation and Maritime Tradition"},"content":{"rendered":"<div class=\"wpb-content-wrapper\" id=\"wpb-content-root\"><p>[vc_row][vc_column][vc_column_text]<img loading=\"lazy\" decoding=\"async\" class=\"alignnone wp-image-32385 size-full\" src=\"https:\/\/www.veneziadavivere.com\/wp-content\/uploads\/2024\/04\/San-Marco_ph.settimo-cannatella-2016.jpg\" alt=\"\" width=\"1280\" height=\"800\" srcset=\"https:\/\/www.veneziadavivere.com\/wp-content\/uploads\/2024\/04\/San-Marco_ph.settimo-cannatella-2016.jpg 1280w, https:\/\/www.veneziadavivere.com\/wp-content\/uploads\/2024\/04\/San-Marco_ph.settimo-cannatella-2016-600x375.jpg 600w\" sizes=\"auto, (max-width: 1280px) 100vw, 1280px\" \/><\/p>\n<h2>A month of events in May to discover the unprecedented side of Venice&#8217;s history and anticipate the future of yachting<\/h2>\n<p>In May, Venice celebrates the <strong>Festa della Sensa<\/strong> and the <strong>Vogalonga<\/strong>, events that connect the city&#8217;s history and sporting tradition and anticipate the <strong>Salone Nautico<\/strong>, the fifth edition of the boat show and technological innovation festival for the maritime world at the Arsenale, as always with a focus on sustainability.<\/p>\n<p>Venice proves once again to be a <strong>crossroads where past, present, and future unite<\/strong>. Let&#8217;s discover the calendar: <\/p>\n<h3>Homage to Luigi Nono: a special concert in Marghera<br \/>\nFriday, May 3, 2024, at 6:30 PM<\/h3>\n<p>The evocative <strong>Capannone del Petrolchimico di Marghera<\/strong>, a symbol of the industrial and working-class heritage that inspired many of Nono&#8217;s works, is the stage for a tribute to the Venetian composer <strong>Luigi Nono<\/strong> on the centenary of his birth.<\/p>\n<p>The concert, organized by the City of Venice, will feature the <strong>Choir and Brass of the Teatro La Fenice<\/strong>, under the direction of <strong>Alfonso Caiani<\/strong> and with <strong>Andrea Chinaglia<\/strong> on the piano, for a repertoire ranging from the Renaissance to contemporary music, with a selection reflecting Nono&#8217;s eclecticism and the great political and social impact of his work.<\/p>\n<p><em>La fabbrica illuminata<\/em>, composed in 1964, is dedicated to the workers of Italsider with texts by <strong>Giuliano Scabia<\/strong> and a fragment of <em>Due poesie a T.<\/em> by <strong>Cesare Pavese<\/strong>.<\/p>\n<p>The conclusion of the concert will be dedicated to <strong>Giuseppe Verdi<\/strong>, with the performance of three choral pieces from his operas: <em>Gli arredi festivi gi\u00f9 cadano infranti<\/em> from Nabucco, <em>Patria oppressa<\/em> from Macbeth, and, also from Nabucco, <em>Va, pensiero, sull&#8217;ali dorate<\/em>, representing a tribute to the great Italian composer and his deep connection with the history and culture of our country.<\/p>\n<p>To participate, it is necessary to send a request via email to: <a href=\"mailto:rsvp-cerimoniale@comune.venezia.it\" target=\"_blank\" rel=\"noopener\">rsvp-cerimoniale@comune.venezia.it<\/a>, subject to availability. Journalists and industry professionals can register through the <a href=\"https:\/\/v41.it\/L1eav\" target=\"_blank\" rel=\"noopener nofollow\">web form<\/a>. <\/p>\n<h3>Aguas Negras by Byron Gago at Panorama Venezia<br \/>\nFrom Friday, May 3, 2024<\/h3>\n<p><a href=\"https:\/\/panoramavenezia.com\" target=\"_blank\" rel=\"noopener nofollow\"><strong>PanoramaVenezia<\/strong><\/a> is a new independent gallery in Campiello San Zulian in San Marco. From May 3 (opening at 7 PM) to June 7, it hosts the exhibition <strong><em>Aguas Negras<\/em><\/strong> by <strong>Byron Gago<\/strong>. <\/p>\n<p>Part of the <em>Horizons<\/em> cycle curated by <strong>Giovanni Paolin<\/strong>, the exhibition is a visual journey connecting different geographies of the world\u2014from the Amazon to the Alps, to the Mediterranean coasts\u2014in a narrative exploring how landscapes are modified by extraction and exploitation: a critique of power structures through the eye of an artist who has experienced migration.<span class=\"Apple-converted-space\"> <\/span><\/p>\n<p>Byron Gago is from Guayaquil and has resided in Italy for several years. In his work, he explores the role of water as a vital element connecting different realities, promoting a reflection on the globality of territories beyond colonial and capitalist barriers, in line with <em>Foreign Everywhere &#8211; Stranieri Ovunque<\/em>, the title of the <a href=\"https:\/\/www.veneziadavivere.com\/day1-caffe-veneziadavivere-biennale\/\" target=\"_blank\" rel=\"noopener\"><strong>Biennale Arte 2024<\/strong><\/a> directed by Adriano Pedrosa. <\/p>\n<div class=\"rgg-container\" data-rgg-id=\"2\">    <div class=\"rgg-imagegrid captions-overlay-hover-show captions-effect-slide_up \" data-rgg-id=\"2\">\n                    <a  title=\"\" data-caption=\"\" class=\" size-full rgg-img\" data-ratio=\"1.6\">\n                <img decoding=\"async\" class=\"rgg-tile-img\" src=\"https:\/\/www.veneziadavivere.com\/wp-content\/uploads\/2024\/04\/PanoramaVenezia_\u00a9PanoramaVenezia_4.jpg\" sizes=\"(max-width: 1280px) 100vw, 1280px\" alt=\"\" loading=\"lazy\" \/>            <\/a>\n                    <a  title=\"\" data-caption=\"\" class=\" size-full rgg-img\" data-ratio=\"1.6\">\n                <img decoding=\"async\" class=\"rgg-tile-img\" src=\"https:\/\/www.veneziadavivere.com\/wp-content\/uploads\/2024\/04\/teatrino_palazzo_grassi.jpg\" sizes=\"(max-width: 1280px) 100vw, 1280px\" alt=\"\" loading=\"lazy\" \/>            <\/a>\n            <\/div>\n<\/div>\n<h3>BOAT International World Superyacht Awards 2024<br \/>\nFriday, May 3 and Saturday, May 4, 2024<\/h3>\n<p>The nineteenth edition of the <a href=\"https:\/\/www.boatinternational.com\/luxury-yacht-events\/world-superyacht-awards\" target=\"_blank\" rel=\"noopener nofollow\"><strong>BOAT International World Superyacht Awards<\/strong><\/a> returns to the Arsenale in Venice, in collaboration with <a href=\"https:\/\/acqueraclub.com\" target=\"_blank\" rel=\"noopener nofollow\"><strong>Acquera Club<\/strong><\/a> and <strong>The Glenrothes<\/strong>.<\/p>\n<p>A major international event bringing together superyachts, designers, and shipbuilders to celebrate excellence in luxury yacht design and construction.<\/p>\n<p>The World Superyacht Awards recognize the ingenuity and craftsmanship of the most extraordinary yachts in the world, with a jury composed of current and former superyacht owners, to highlight the best achievements in the sector and offer a look at current and future trends, consolidating the importance of the annual meeting for professional networking and industry updates.<\/p>\n<h3>Alfabeto Marco Polo: Venice Istanbul<br \/>\nPalazzo Mocenigo, from May 7 to 16, 2024<\/h3>\n<p>The ground floor of the <strong>Museo di Palazzo Mocenigo<\/strong> hosts the exhibition titled <a href=\"https:\/\/mocenigo.visitmuve.it\/it\/mostre\/mostre-in-corso\/alfabeto-marco-polo-venezia-istanbul\/2024\/02\/20554\/mostra-alfabeto-marco-polo\/\" target=\"_blank\" rel=\"noopener nofollow\"><em>Alfabeto Marco Polo: Venice Istanbul<\/em><\/a>, designed to celebrate the <strong>700th anniversary of Marco Polo&#8217;s death<\/strong> and his role as a cultural ambassador to the East.<\/p>\n<p><strong>Nadia De Lazzari<\/strong>, president of the <strong>Associazione Venezia: Pesce di Pace<\/strong> and curator of the exhibition, involved schools, institutions, and companies with the aim of stimulating interest in history and fostering educational and cultural exchanges among young people from different nations.<\/p>\n<p><strong>One thousand children from Venice and Istanbul<\/strong>, through reading short stories about Marco Polo and group work, explored themes of history, art, and geography. A modern pedagogical approach inspired by the spirit of exploration of the great Venetian explorer. <\/p>\n<p>In conjunction with the educational experience, a bilingual book in Italian and Turkish will be presented, enriching the cultural offering of the event and emphasizing the importance of intercultural dialogue.<\/p>\n<h3>URBS SCRIPTA 2024: discovering Venice and Chioggia through the graffiti of the past<br \/>\nFrom May 8 to 12, 2024<\/h3>\n<p><strong>Special visits, conferences, exhibitions, and night tours: the cities of Venice and Chioggia<\/strong> will host the <strong>second edition of <a href=\"https:\/\/www.urbsscripta.it\/\" target=\"_blank\" rel=\"noopener nofollow\">URBS SCRIPTA<\/a><\/strong>, the festival dedicated to historical graffiti, conceived and curated by the writer <strong>Alberto Toso Fei<\/strong> and the historian <strong>Desi Marangon<\/strong>, who have dedicated years to researching these silent testimonies of urban history.<\/p>\n<p>URBS SCRIPTA brings to light over 6,000 pieces of graffiti, from ancient incisions to modern messages, distributed across iconic locations in the two cities, through a series of activities such as <strong>special visits, conferences, exhibitions, and night tours<\/strong>, enriching the cultural experience with a multisensory and inclusive approach.<\/p>\n<p>The festival was born from the collaboration with the City of Venice and the support of the Veneto Region, based on research collected in the volumes <em>I graffiti di Venezia<\/em> and Venice <em>Urbs Scripta<\/em>, authored by the curators, as the basis for this journey to discover a secret reading of the city for a different perspective, valuing the voices of those who, over the centuries, have left their mark.<\/p>\n<p>The festival will conclude with <strong>a public meeting at the Rialto Fish Market<\/strong>, where the organizers will create a moment of cultural and social sharing with citizens and guests.<\/p>\n<p>For more information on the full festival program, visit the website <a href=\"https:\/\/www.urbsscripta.it\/anteprima-festival-2024\/\" target=\"_blank\" rel=\"noopener nofollow\">www.urbsscripta.it<\/a>.<\/p>\n<div class=\"rgg-container\" data-rgg-id=\"4\">    <div class=\"rgg-imagegrid captions-overlay-hover-show captions-effect-slide_up \" data-rgg-id=\"4\">\n                    <a  title=\"\" data-caption=\"\" class=\" size-full rgg-img\" data-ratio=\"1.6\">\n                <img decoding=\"async\" class=\"rgg-tile-img\" src=\"https:\/\/www.veneziadavivere.com\/wp-content\/uploads\/2019\/06\/Salone-Nautico-Venezia-9.jpg\" sizes=\"(max-width: 1280px) 100vw, 1280px\" alt=\"\" loading=\"lazy\" \/>            <\/a>\n                    <a  title=\"\" data-caption=\"\" class=\" size-full rgg-img\" data-ratio=\"1.6\">\n                <img decoding=\"async\" class=\"rgg-tile-img\" src=\"https:\/\/www.veneziadavivere.com\/wp-content\/uploads\/2024\/05\/URBS-SCRIPTA-grande-corno-dogale-dipinto-in-porpora-su-un-pilastro-interno-delle-Procuratie-della-Piazzetta.jpg\" sizes=\"(max-width: 1280px) 100vw, 1280px\" alt=\"\" loading=\"lazy\" \/>            <\/a>\n            <\/div>\n<\/div>\n<h3>A May of Books &#8211; Marciana Library, San Marco<\/h3>\n<p>Literary and historical insights in Venice: two literary meetings at the <strong>Biblioteca Nazionale Marciana<\/strong>, in collaboration with the Correr Museum Library.<\/p>\n<p><strong>Thursday, May 9, at 4:30 PM<\/strong>, the event is dedicated to Marco Polo for the 700th anniversary of his death with a reading of extracts from <strong>Giovanni Battista Ramusio<\/strong>, curated by actor and director <strong>Gianni De Luigi<\/strong> and introduced by <strong>Tiziana Plebani<\/strong>.<\/p>\n<p><strong>Thursday, May 16, at 4:30 PM<\/strong>, the presentation of <em>La citt\u00e0 di carta<\/em> by <strong>Rosa Salzberg<\/strong>, with the participation of <strong>Mario Infelise<\/strong>, professor at Ca&#8217; Foscari University of Venice.<span class=\"Apple-converted-space\"> <\/span><\/p>\n<p>The meetings, hosted at Piazzetta San Marco 13\/a, will also be available via streaming on the <a href=\"https:\/\/www.youtube.com\/channel\/UCesk4_I8FuO08GpqmnYJINg\" target=\"_blank\" rel=\"noopener nofollow\">Library&#8217;s YouTube channel<\/a>.<span class=\"Apple-converted-space\"> <\/span><\/p>\n<p>Free admission subject to availability. For contacts and further details, write to: <a href=\"mailto:b-marc.stampa@cultura.gov.it\" target=\"_blank\" rel=\"noopener\">b-marc.stampa@cultura.gov.it<\/a>. <\/p>\n<h3>Philippe Descola explores &#8220;Art before Art&#8221; at the Teatrino di Palazzo Grassi<br \/>\nWednesday, May 8, 2024, at 6 PM<\/h3>\n<p>The  The <strong>Teatrino di Palazzo Grassi<\/strong> is transformed into the home of cultural thought thanks to the presence of <strong>Philippe Descola<\/strong>, a prominent French anthropologist, for the third stage of the cycle <em>Lo stato dell&#8217;arte<\/em>, conceived by <strong>Barbara Carnevali<\/strong>, philosopher and Directrice d\u2019\u00e9tudes at the <a href=\"https:\/\/www.ehess.fr\/fr\" target=\"_blank\" rel=\"noopener nofollow\">\u00c9cole des Hautes \u00c9tudes en Sciences Sociales<\/a> in Paris.<\/p>\n<p>The dialogue between Descola and Carnevali will focus on the theme <em>Art before Art<\/em>, where the anthropologist will bring to light the intersections between anthropology, archaeology, and history to redefine our understanding of early human artistic forms.<\/p>\n<p>Through a reflection that excludes traditional categories and styles, Descola aims to reshape conventional views of art, questioning the division between nature and culture.<\/p>\n<p>Access to the event is free subject to availability, with doors opening 20 minutes before the start. Palazzo Grassi members can enter 30 minutes before. <\/p>\n<p>Everything is on the Palazzo Grassi website, on the \u201c<a href=\"https:\/\/www.pinaultcollection.com\/palazzograssi\/it\" target=\"_blank\" rel=\"noopener nofollow\">calendar<\/a>\u201d page.<\/p>\n<h3>Typography Masterclass with Collletttivo, at the Teatrino di Palazzo Grassi<br \/>\nFrom Saturday, May 11, 2024<\/h3>\n<p>The Teatrino di Palazzo Grassi invites enthusiasts and professionals to participate in the masterclass with <a href=\"https:\/\/www.collletttivo.it\" target=\"_blank\" rel=\"noopener nofollow\"><strong>Collletttivo<\/strong><\/a>, an intensive workshop dedicated to the art of <strong>typography<\/strong> and its experimental applications.<\/p>\n<p>This event will take place on <strong>Saturday, May 11 and Sunday, May 12<\/strong>, from 10 AM to 6 PM, and will continue with an evening session on <strong>Monday, May 13, from 6 PM to 8 PM, including a public presentation in the Foyer of the Teatrino<\/strong>, where the works created will be exhibited, offering an overview of the skills and artistic visions developed during the workshop.<\/p>\n<p>To participate, it is necessary to hold an annual Pinault Collection Membership and register via <a href=\"https:\/\/form.jotform.com\/240773820201346\" rel=\"nofollow noopener\" target=\"_blank\">the form<\/a> by May 5. For more information: <a href=\"mailto:education@palazzograssi.it\" target=\"_blank\" rel=\"noopener\">education@palazzograssi.it<\/a>. <\/p>\n<div class=\"rgg-container\" data-rgg-id=\"6\">    <div class=\"rgg-imagegrid captions-overlay-hover-show captions-effect-slide_up \" data-rgg-id=\"6\">\n                    <a  title=\"\" data-caption=\"\" class=\" size-full rgg-img\" data-ratio=\"1.6\">\n                <img decoding=\"async\" class=\"rgg-tile-img\" src=\"https:\/\/www.veneziadavivere.com\/wp-content\/uploads\/2024\/05\/kids-day_guggenheim.jpg\" sizes=\"(max-width: 1280px) 100vw, 1280px\" alt=\"\" loading=\"lazy\" \/>            <\/a>\n                    <a  title=\"\" data-caption=\"\" class=\" size-full rgg-img\" data-ratio=\"0.74976569821931\">\n                <img decoding=\"async\" class=\"rgg-tile-img\" src=\"https:\/\/www.veneziadavivere.com\/wp-content\/uploads\/2021\/06\/fondazione-cini-luciapecoraro_.jpg\" sizes=\"(max-width: 800px) 100vw, 800px\" alt=\"\" loading=\"lazy\" \/>            <\/a>\n            <\/div>\n<\/div>\n<h3>Explore art through play: &#8220;Kids Day&#8221; with Joseph Cornell at the Peggy Guggenheim Collection<br \/>\nSaturday, May 11, 2024, from 3 PM<\/h3>\n<p>The Peggy Guggenheim Collection opens its doors to young art explorers with a series of <strong>creative workshops<\/strong> dedicated to <strong>children aged 4 to 10<\/strong>. This appointment is part of the tenth edition of <em>KID PASS DAYS<\/em>, a national initiative celebrating culture through facilitated access for families. <\/p>\n<p>The <em><strong>Kids Day<\/strong><\/em> is an afternoon dedicated to culture and creativity, where children, guided by experts, can immerse themselves in the evocative universe of <strong>Joseph Cornell<\/strong>, a pioneer of <em>assemblage<\/em>, and experience the magic of art by creating their own box of wonders. A creative process that begins with the selection of everyday objects, often overlooked, and transformed into true works of art. While the little artists are busy, parents can take the opportunity to visit the museum collections (with a ticket) or enjoy a break at the caf\u00e9.  <\/p>\n<p>The workshop, which takes place in Italian, provides linguistic assistance in English or other languages upon request and is free with <a href=\"https:\/\/www.guggenheim-venice.it\/it\/mostre-eventi\/eventi\/kids-day-11-05-2024\/\" target=\"_blank\" rel=\"noopener nofollow\"><strong>online reservation from May 5<\/strong><\/a>.<\/p>\n<h3>Homage to Gianfranco de Bosio at San Giorgio<br \/>\nSunday, May 12, 2024, at 12 PM<\/h3>\n<p>On the centenary of the birth of the Veronese director\u2014an eminent figure in the Italian theatrical, cinematic, and television landscape of the 20th century\u2014the Institute for <strong>Theatre and Opera of the Fondazione Giorgio Cini<\/strong> pays tribute to <strong>Gianfranco de Bosio<\/strong> with the public opening of his personal archive at the <strong>Sala Barbantini<\/strong> on the Island of San Giorgio Maggiore.<\/p>\n<p>The meeting provides access to scripts, correspondence, programs, and photographs documenting the artist&#8217;s entire career, with the participation of academic and artistic figures, including <strong>Maria Ida Biggi<\/strong>, <strong>Carmelo Alberti<\/strong>, and <strong>Stefano de Bosio<\/strong>, who will discuss Gianfranco de Bosio&#8217;s cultural legacy and the value of his archive as artistic heritage. Experts such as <strong>Nan\u00e0 Cecchi<\/strong> and <strong>Susanna Egri<\/strong> will also be present for further insight into his impact on the world of entertainment. <\/p>\n<p>For more information and details, write to: <a href=\"mailto:stampa@cini.it\" target=\"_blank\" rel=\"noopener\">stampa@cini.it<\/a>.<\/p>\n<div class=\"rgg-container\" data-rgg-id=\"8\">    <div class=\"rgg-imagegrid captions-overlay-hover-show captions-effect-slide_up \" data-rgg-id=\"8\">\n                    <a  title=\"\" data-caption=\"\" class=\" size-full rgg-img\" data-ratio=\"1.6\">\n                <img decoding=\"async\" class=\"rgg-tile-img\" src=\"https:\/\/www.veneziadavivere.com\/wp-content\/uploads\/2024\/04\/Festa-della-Sensa-1.jpg\" sizes=\"(max-width: 1280px) 100vw, 1280px\" alt=\"\" loading=\"lazy\" \/>            <\/a>\n                    <a  title=\"\" data-caption=\"\" class=\" size-full rgg-img\" data-ratio=\"1.6\">\n                <img decoding=\"async\" class=\"rgg-tile-img\" src=\"https:\/\/www.veneziadavivere.com\/wp-content\/uploads\/2024\/04\/Festa-della-Sensa-sposalizio.jpg\" sizes=\"(max-width: 1280px) 100vw, 1280px\" alt=\"\" loading=\"lazy\" \/>            <\/a>\n                    <a  title=\"\" data-caption=\"\" class=\" size-full rgg-img\" data-ratio=\"1.6\">\n                <img decoding=\"async\" class=\"rgg-tile-img\" src=\"https:\/\/www.veneziadavivere.com\/wp-content\/uploads\/2024\/04\/Festa-della-Sensa.jpg\" sizes=\"(max-width: 1280px) 100vw, 1280px\" alt=\"\" loading=\"lazy\" \/>            <\/a>\n            <\/div>\n<\/div>\n<h3>Festa de la Sensa<br \/>\nSunday, May 12, 2024<\/h3>\n<p>Every year, Venice celebrates its connection with the sea through the <strong>Festa della Sensa<\/strong>.<\/p>\n<p>An event that originates from the Ascension of Christ and dates back to the 9th century when Venice, under the leadership of Pietro II Orseolo, began to show its support for threatened Dalmatian communities. The rite evolved over time, culminating in the <strong>marriage of the sea<\/strong>, a symbol of perpetual Venetian dominion over the Adriatic: the Doge, dressed in ceremonial robes, leads the nautical procession from the Bucintoro, simulating <strong>the marriage with the sea<\/strong> by throwing a gold ring into the waves. <\/p>\n<p>The celebration, organized by the Coordination of Venetian Rowing Associations, features <strong>a spectacular procession of traditional rowing boats<\/strong> navigating from St. Mark&#8217;s Basin to the Lido of Venice.<\/p>\n<p><strong>Regate de la Sensa<\/strong>, curated by the Regatta Office of the City of Venice:<\/p>\n<p>8:45 AM Youth on 2-oar pupparini<br \/>\n9:45 AM Women on 2-oar mascarete<br \/>\n10:30 AM Men on 4-oar gondolas<\/p>\n<p><strong>The Festa de la Sensa Ceremony<\/strong><\/p>\n<p>9 AM Institutional Ceremony <em>Adriatic Twinning of the Festa della Sensa<\/em> at the Royal Gardens (private event)<br \/>\n10 AM Start of the Sensa Procession<br \/>\n10:40 AM Marriage of the Sea Ceremony in front of the Church of San Nicol\u00f2 del Lido<br \/>\n11 AM Serenissima Choir performance in the area in front of San Nicol\u00f2 church<br \/>\n11:15 AM Holy Mass in the church of San Nicol\u00f2 del Lido<\/p>\n<p>! Times may be subject to slight changes for ceremonial requirements<\/p>\n<p><strong>Side events<\/strong>, curated by the Proloco Lido Pellestrina Association:<\/p>\n<p><strong>Saturday, May 11, 2024<\/strong><\/p>\n<p>From 9 AM to 12 PM: <strong><em>Per Cesco<\/em><\/strong>, a fishing event in memory of Francesco Castelli, President of the <a href=\"https:\/\/www.ivagantivi.it\" target=\"_blank\" rel=\"noopener nofollow\">I Vagantivi<\/a> Association until 2023, in collaboration with Sampei Club, ACSI Venezia, and the Civil Protection of the Lido of Venice.<\/p>\n<p><strong>Saturday, May 11 and Sunday, May 12 at San Nicol\u00f2, Lido di Venezia<\/strong><\/p>\n<p>From 10 AM to 8 PM: <strong><em>Traditional Sensa Market<\/em><\/strong> for hobbyists, creative makers, and traders.<\/p>\n<p>From 3:30 PM to 4:30 PM: <em><strong>Kindness Presidium at the Global Campus of Human Rights<\/strong><\/em>, an initiative supported by teachers from the F. Ongaro Comprehensive Institute, with activities aimed at sensitizing children and young people to the practice of kindness in daily life, through exhibitions and workshops organized within the Cloister of San Nicol\u00f2.<\/p>\n<p>From 11 AM to 8 PM: Food Area<\/p>\n<p>From 10 AM to 5 PM: Visit to the Cloister of San Nicol\u00f2 and the photographic exhibition organized by the Proloco titled <em>Saio, Cannoni, Universit\u00e0: Il Monastero di San Nicol\u00f2 ed il Tempo<\/em>.<\/p>\n<p>From 10 AM to 8 PM: <strong>Historical Re-enactments<\/strong> with the Palmanova Historical Group and the Musketeers of Candia.<\/p>\n<p><strong>Sunday, May 12, 2024<\/strong><\/p>\n<p>9:20 AM from Piazzale Santa Maria Elisabetta del Lido: <em><strong>La Porta del mare<\/strong><\/em> curated by <a href=\"http:\/\/www.nordicwalkingveneziaserenissima.it\" target=\"_blank\" rel=\"noopener nofollow\">Nordic Walking Venezia Serenissima<\/a>.<\/p>\n<p>5:30 PM at the Bluemoon <strong><em>The Pixels Concert<\/em><\/strong> curated by <a href=\"https:\/\/www.veneziaspiagge.it\" target=\"_blank\" rel=\"noopener nofollow\">Venezia Spiagge<\/a>.<\/p>\n<div class=\"rgg-container\" data-rgg-id=\"10\">    <div class=\"rgg-imagegrid captions-overlay-hover-show captions-effect-slide_up \" data-rgg-id=\"10\">\n                    <a  title=\"\" data-caption=\"\" class=\" size-full rgg-img\" data-ratio=\"0.6675\">\n                <img decoding=\"async\" class=\"rgg-tile-img\" src=\"https:\/\/www.veneziadavivere.com\/wp-content\/uploads\/2017\/05\/Peggy-Guggenheim-Collection-1.jpg\" srcset=\"https:\/\/www.veneziadavivere.com\/wp-content\/uploads\/2017\/05\/Peggy-Guggenheim-Collection-1.jpg 534w, https:\/\/www.veneziadavivere.com\/wp-content\/uploads\/2017\/05\/Peggy-Guggenheim-Collection-1-200x300.jpg 200w\" sizes=\"(max-width: 534px) 100vw, 534px\" alt=\"Peggy Guggenheim Collection\" loading=\"lazy\" \/>            <\/a>\n                    <a  title=\"\" data-caption=\"\" class=\" size-full rgg-img\" data-ratio=\"0.66625\">\n                <img decoding=\"async\" class=\"rgg-tile-img\" src=\"https:\/\/www.veneziadavivere.com\/wp-content\/uploads\/2022\/06\/InspiringPR-2021.jpg\" sizes=\"(max-width: 533px) 100vw, 533px\" alt=\"\" loading=\"lazy\" \/>            <\/a>\n            <\/div>\n<\/div>\n<h3>A Poetic Walk with Peggy: between History and Literature with Luca Scarlini<br \/>\nThursday, May 16, 2024, from 5 PM to 7 PM<\/h3>\n<p><a href=\"https:\/\/www.guggenheim-venice.it\/it\/mostre-eventi\/eventi\/passeggiata-poetica\/\" target=\"_blank\" rel=\"noopener nofollow\"><em><strong>Passeggiata Poetica<\/strong><\/em><\/a> is the special event where <strong>Luca Scarlini<\/strong>, author and profound connoisseur of <strong>Jean Cocteau&#8217;s<\/strong> work, will take on the role of guide along an itinerary exploring the French poet and playwright&#8217;s links with Venice.<\/p>\n<p>The meeting will begin at Palazzo Venier dei Leoni, the home-museum of Peggy Guggenheim, and continue through the Dorsoduro and San Marco districts. During the walk, participants will have the opportunity to discover the <strong>iconic places that marked Cocteau&#8217;s youth and artistic maturity<\/strong>, including anecdotes about his life and tragic loves, such as that with the poet <strong>Raymond Laurent<\/strong>. <\/p>\n<p>The walk is <strong>open to everyone free of charge, with mandatory reservation<\/strong> (request via email to <a href=\"mailto:didattica@guggenheim-venice.it\" target=\"_blank\" rel=\"noopener\">didattica@guggenheim-venice.it<\/a>), and will be conducted in Italian. The route, lasting about two hours, is a cultural immersion in history and art through the eyes of one of its most illustrious visitors. <\/p>\n<h3>InspiringPR 2024, Scuola Grande San Giovanni Evangelista<br \/>\nSaturday, May 18, 2024<\/h3>\n<p>In the splendid spaces of the <a href=\"https:\/\/www.scuolasangiovanni.it\" target=\"_blank\" rel=\"noopener nofollow\"><strong>Scuola Grande San Giovanni Evangelista<\/strong><\/a>, <strong><a href=\"https:\/\/www.inspiringpr.it\" target=\"_blank\" rel=\"noopener nofollow\">InspiringPR<\/a> &#8211; the Public Relations Festival<\/strong> returns, focusing this year on the theme <em>Ten words for the future of Relations<\/em>, exploring new communicative horizons through the contribution of industry experts.<\/p>\n<p>Among the guests of honor: <strong>Matteo Tonoli<\/strong>, an engineer turned sociologist, who will introduce us to the concept of <strong>Hope<\/strong> and how this feeling nurtures lasting relationships, drives action, and promotes personal and professional growth; and <strong>Rosella Scalone<\/strong>, founder of <a href=\"https:\/\/www.savethewoman.org\" target=\"_blank\" rel=\"noopener nofollow\">Save the Woman<\/a> and a veteran in the field of digital communication, who will speak about <strong>Generosity<\/strong>, interpreting it through technological innovation at the service of society.<\/p>\n<p>For more details, write to: <a href=\"mailto:info@inspiringpr.it\" target=\"_blank\" rel=\"noopener\">info@inspiringpr.it<\/a>.<\/p>\n<div class=\"rgg-container\" data-rgg-id=\"12\">    <div class=\"rgg-imagegrid captions-overlay-hover-show captions-effect-slide_up \" data-rgg-id=\"12\">\n                    <a  title=\"\" data-caption=\"\" class=\" size-full rgg-img\" data-ratio=\"1.6\">\n                <img decoding=\"async\" class=\"rgg-tile-img\" src=\"https:\/\/www.veneziadavivere.com\/wp-content\/uploads\/2018\/05\/vogalonga-e1683195671569.jpg\" sizes=\"(max-width: 1280px) 100vw, 1280px\" alt=\"Vogalonga Venice\" loading=\"lazy\" \/>            <\/a>\n                    <a  title=\"\" data-caption=\"\" class=\" size-full rgg-img\" data-ratio=\"1.6\">\n                <img decoding=\"async\" class=\"rgg-tile-img\" src=\"https:\/\/www.veneziadavivere.com\/wp-content\/uploads\/2024\/04\/Vogalonga-Wikipedia.jpg\" sizes=\"(max-width: 1280px) 100vw, 1280px\" alt=\"\" loading=\"lazy\" \/>            <\/a>\n            <\/div>\n<\/div>\n<h3>The 48th Vogalonga<br \/>\nSunday, May 19, 2024 <\/h3>\n<p>The 48th edition of the Vogalonga, the <strong>traditional amateur regatta<\/strong> that for nearly half a century has brought together thousands of <strong>rowing and nature enthusiasts<\/strong>, without limits on age, experience, or type of boat.<\/p>\n<p>The Vogalonga is an <strong>inclusive event<\/strong> that allows one to experience the lagoon in a slow and sustainable way, respecting the environment and its beauty.<\/p>\n<p>Rowers will depart from St. Mark&#8217;s Basin, navigating a route that includes the Passaora, Crevan, and della Bissa canals, the Rio di Cannaregio, and other lesser-known ones up to Burano and then Murano, concluding in grand style at the Basilica della Salute on the Grand Canal, where participants will receive medals and recognition for their rowing.<\/p>\n<p>For more info, visit the official event website <a href=\"https:\/\/www.vogalonga.com\/\" target=\"_blank\" rel=\"noopener nofollow\">www.vogalonga.com<\/a>.<em><br \/>\n<\/em><\/p>\n<h3>Space Meetings Veneto: Space Innovation meets terrestrial applications<br \/>\nFrom May 20 to 22, 2024<\/h3>\n<p><strong>Space Meetings Veneto<\/strong> is a gateway to the <strong>future of Space-related innovation<\/strong>, exploring cutting-edge space technologies and their real impact across various sectors.<span class=\"Apple-converted-space\"> <\/span><\/p>\n<p>Venice will transform into a global hub for the meeting of minds and technologies, paving the way for a new era of innovation driven by the <strong>transformative power of space exploration<\/strong>.<\/p>\n<p>This revolutionary event will serve as a springboard for innovative discussions and collaborations, embracing a wide spectrum of topics, where participants will delve into the complexities of space investments, exploring the financial landscape that fuels cutting-edge ventures in this dynamic sector.<\/p>\n<p>The summit will also shed light on the complexities of the space supply chain, examining the logistical backbone that sustains the entire industry.<\/p>\n<p>It represents a pivotal moment for the space industry, a catalyst for groundbreaking progress, and a testament to the infinite human spirit of exploration and innovation.<\/p>\n<p>To learn more, follow the Instagram account of <strong><a href=\"https:\/\/instagram.com\/VeneziadaVivere\" target=\"_blank\" rel=\"noopener nofollow\">@VeneziadaVivere<\/a><\/strong>, media partner of <a href=\"https:\/\/spacemeetingsveneto.com\/\" target=\"_blank\" rel=\"noopener nofollow\"><strong>Space Meetings Veneto<\/strong><\/a>.<\/p>\n<div class=\"rgg-container\" data-rgg-id=\"14\">    <div class=\"rgg-imagegrid captions-overlay-hover-show captions-effect-slide_up \" data-rgg-id=\"14\">\n                    <a  title=\"\" data-caption=\"\" class=\" size-full rgg-img\" data-ratio=\"0.66625\">\n                <img decoding=\"async\" class=\"rgg-tile-img\" src=\"https:\/\/www.veneziadavivere.com\/wp-content\/uploads\/2024\/05\/Federica-Marangoni-Vetro-di-Murano-2024.jpg\" sizes=\"(max-width: 533px) 100vw, 533px\" alt=\"\" loading=\"lazy\" \/>            <\/a>\n                    <a  title=\"\" data-caption=\"\" class=\" size-full rgg-img\" data-ratio=\"1.6\">\n                <img decoding=\"async\" class=\"rgg-tile-img\" src=\"https:\/\/www.veneziadavivere.com\/wp-content\/uploads\/2024\/05\/SeaBeyond.jpg\" srcset=\"https:\/\/www.veneziadavivere.com\/wp-content\/uploads\/2024\/05\/SeaBeyond.jpg 1280w, https:\/\/www.veneziadavivere.com\/wp-content\/uploads\/2024\/05\/SeaBeyond-600x375.jpg 600w\" sizes=\"(max-width: 1280px) 100vw, 1280px\" alt=\"\" loading=\"lazy\" \/>            <\/a>\n            <\/div>\n<\/div>\n<h3>Federica Marangoni ON THE ROAD 1970-2024 at the Glass Museum<br \/>\nFrom May 19 to November 24, 2024<\/h3>\n<p><strong>Federica Marangoni<\/strong> and her dialogue with glass in a retrospective at the <a href=\"https:\/\/museovetro.visitmuve.it\/it\/mostre\/mostre-in-corso\/federica-marangoni\/2024\/02\/20277\/mostra-federica-marangoni\/\" target=\"_blank\" rel=\"noopener nofollow\"><strong>Murano Glass Museum<\/strong><\/a>. The exhibition, curated by <strong>Chiara Squarcina<\/strong> and the artist herself, offers a journey through the multifaceted artistic career of the Venetian creative and designer, highlighting her deep connection with glass and the island of Murano. <\/p>\n<p>Federica Marangoni&#8217;s career is distinguished by the innovative use of different materials, with a particular preference for glass. After opening <strong>Fedra Studio Design<\/strong> in Venice in 1970, she began collaborating regularly with Murano furnaces, creating design objects and sculptures that <strong>incorporate technologies such as video and neon light<\/strong>. These elements, combined with the transparency and fragility of glass, have made her works distinctive in the context of contemporary art.  <\/p>\n<p>The interaction between her sculptures and the architecture of the Glass Museum creates an exhibition path that actively dialogues with spaces such as <em>La bricola<\/em>, a light installation on a mirrored floor created in &#8217;71, or those in the museum garden including <em>Continuity<\/em>, a rainbow that has graced the patio of the Italian Cultural Institute in Madrid since 2006.<\/p>\n<p>A retrospective of Marangoni&#8217;s contribution to glass art and a testament to how her work has succeeded in crossing the boundaries between art, technology, and communication.<\/p>\n<h3>Atelier Aperti Bleu: discover Venice and its artisans united for the Ocean<\/h3>\n<p>On <strong>Saturday, May 25, starting at 10 AM<\/strong>, the walk through the <em>Atelier Aperti Bleu<\/em> of Venice will take place: a route to discover the city&#8217;s artisans and creatives united in their practices by a particular focus on sustainability, the enhancement of the territory, and the protection of the sea and lagoon ecosystems.<\/p>\n<p>On this day, <strong>organized by Venezia da Vivere<\/strong>, a platform that chronicles the cultural fabric of Venice, the Bleu Artisans will open their workshops and studios to share their stories with the public and provide a preview of the <strong>Ocean Literacy World Conference<\/strong>. The event, organized by the Prada Group and the <strong>UNESCO Intergovernmental Oceanographic Commission<\/strong>, will take place at <strong>Ca&#8217; Giustinian on June 7 and 8<\/strong>. <\/p>\n<p>Read more <a href=\"https:\/\/www.veneziadavivere.com\/venezia-filo-bleu-oceano\/\" target=\"_blank\" rel=\"noopener\">HERE<\/a>.<\/p>\n<p>Let&#8217;s discover Venice and its artisans united for the Ocean together. Participation is free. <\/p>\n<h3>Register on <a href=\"https:\/\/www.eventbrite.it\/e\/biglietti-atelier-aperti-per-loceano-907731388017?aff=oddtdtcreator\" target=\"_blank\" rel=\"noopener nofollow\">EVENTBRITE<\/a><\/h3>\n<div class=\"rgg-container\" data-rgg-id=\"16\">    <div class=\"rgg-imagegrid captions-overlay-hover-show captions-effect-slide_up \" data-rgg-id=\"16\">\n                    <a  title=\"\" data-caption=\"\" class=\" size-full rgg-img\" data-ratio=\"1.6\">\n                <img decoding=\"async\" class=\"rgg-tile-img\" src=\"https:\/\/www.veneziadavivere.com\/wp-content\/uploads\/2024\/05\/Salone-Nautico-2023.jpg\" sizes=\"(max-width: 1280px) 100vw, 1280px\" alt=\"\" loading=\"lazy\" \/>            <\/a>\n                    <a  title=\"\" data-caption=\"\" class=\" size-full rgg-img\" data-ratio=\"1.6\">\n                <img decoding=\"async\" class=\"rgg-tile-img\" src=\"https:\/\/www.veneziadavivere.com\/wp-content\/uploads\/2024\/05\/Salone-Nautico-Tese-Arsenale-2023.jpg\" sizes=\"(max-width: 1280px) 100vw, 1280px\" alt=\"\" loading=\"lazy\" \/>            <\/a>\n            <\/div>\n<\/div>\n<h3>The Salone Nautico 2024 at the Arsenale of Venice<br \/>\nFrom May 29 to June 2, 2024<\/h3>\n<p>The fifth edition of the Venice <a href=\"https:\/\/salonenautico.venezia.it\" target=\"_blank\" rel=\"noopener nofollow\"><strong>Salone Nautico<\/strong><\/a> confirms its status as a reference point for enthusiasts and professionals in the nautical sector. The event, curated by <strong>Vela Spa<\/strong> and the <strong>Italian Navy<\/strong>, features the participation of numerous entities, including the Government and the Veneto Region, and takes advantage of the extraordinary setting of the <strong>Arsenale of Venice<\/strong>. <\/p>\n<p>In 2023, the Boat Show attracted approximately 30,000 visitors from over thirty countries worldwide, hosted 300 boats, 240 of which were displayed in the water, and 220 exhibitors, 180 of whom were Italian, covering a total boat length of 2.7 km. Additionally, there were over 50 cultural and in-depth events, with a particular focus on sustainable technologies and the protection of the marine environment. <\/p>\n<p>The growing importance of the Boat Show on the international nautical scene consolidates its position as a catalyst for innovation and trends in the sector.<\/p>\n<p>&nbsp;<\/p>\n<p><em>Article by Lucia Pecoraro.<br \/>\nCover photo by Settimo Cannatella.<br \/>\nAll other photos have been provided by the respective press offices.<\/em><\/p>\n<p>[\/vc_column_text][\/vc_column][\/vc_row]<\/p>\n<\/div>","protected":false},"excerpt":{"rendered":"<p>[vc_row][vc_column][vc_column_text] A month of events in May to discover the unprecedented side of Venice&#8217;s history and anticipate the future of yachting In May, Venice celebrates the Festa della Sensa and the Vogalonga, events that connect the city&#8217;s history and sporting tradition and anticipate the Salone Nautico, the fifth edition of the boat show and technological [&hellip;]<\/p>\n","protected":false},"author":14,"featured_media":40041,"comment_status":"closed","ping_status":"closed","sticky":false,"template":"","format":"standard","meta":{"_genesis_hide_title":false,"_genesis_hide_breadcrumbs":false,"_genesis_hide_singular_image":false,"_genesis_hide_footer_widgets":false,"_genesis_custom_body_class":"","_genesis_custom_post_class":"","_genesis_layout":"","footnotes":""},"categories":[84],"tags":[],"class_list":["post-43363","post","type-post","status-publish","format-standard","has-post-thumbnail","category-news","entry"],"_links":{"self":[{"href":"https:\/\/www.veneziadavivere.com\/en\/wp-json\/wp\/v2\/posts\/43363","targetHints":{"allow":["GET"]}}],"collection":[{"href":"https:\/\/www.veneziadavivere.com\/en\/wp-json\/wp\/v2\/posts"}],"about":[{"href":"https:\/\/www.veneziadavivere.com\/en\/wp-json\/wp\/v2\/types\/post"}],"author":[{"embeddable":true,"href":"https:\/\/www.veneziadavivere.com\/en\/wp-json\/wp\/v2\/users\/14"}],"replies":[{"embeddable":true,"href":"https:\/\/www.veneziadavivere.com\/en\/wp-json\/wp\/v2\/comments?post=43363"}],"version-history":[{"count":2,"href":"https:\/\/www.veneziadavivere.com\/en\/wp-json\/wp\/v2\/posts\/43363\/revisions"}],"predecessor-version":[{"id":43365,"href":"https:\/\/www.veneziadavivere.com\/en\/wp-json\/wp\/v2\/posts\/43363\/revisions\/43365"}],"wp:featuredmedia":[{"embeddable":true,"href":"https:\/\/www.veneziadavivere.com\/en\/wp-json\/wp\/v2\/media\/40041"}],"wp:attachment":[{"href":"https:\/\/www.veneziadavivere.com\/en\/wp-json\/wp\/v2\/media?parent=43363"}],"wp:term":[{"taxonomy":"category","embeddable":true,"href":"https:\/\/www.veneziadavivere.com\/en\/wp-json\/wp\/v2\/categories?post=43363"},{"taxonomy":"post_tag","embeddable":true,"href":"https:\/\/www.veneziadavivere.com\/en\/wp-json\/wp\/v2\/tags?post=43363"}],"curies":[{"name":"wp","href":"https:\/\/api.w.org\/{rel}","templated":true}]}}