{"id":44204,"date":"2022-07-13T21:45:05","date_gmt":"2022-07-13T19:45:05","guid":{"rendered":"https:\/\/www.veneziadavivere.com\/major-events-of-summer-2022-in-venice-music-fashion-dance-theater-cinema\/"},"modified":"2026-03-25T14:58:15","modified_gmt":"2026-03-25T13:58:15","slug":"major-events-of-summer-2022-in-venice-music-fashion-dance-theater-cinema","status":"publish","type":"post","link":"https:\/\/www.veneziadavivere.com\/en\/major-events-of-summer-2022-in-venice-music-fashion-dance-theater-cinema\/","title":{"rendered":"Major events of summer 2022 in Venice: music, fashion, dance, theater, cinema"},"content":{"rendered":"<div class=\"wpb-content-wrapper\" id=\"wpb-content-root\"><p>[vc_row][vc_column][vc_column_text]<br \/>\n<a href=\"https:\/\/www.veneziadavivere.com\/wp-content\/uploads\/2022\/07\/rachele-ph-giuseppe-rutigliano.jpg\"><img loading=\"lazy\" decoding=\"async\" class=\"alignnone wp-image-27330 size-full\" src=\"https:\/\/www.veneziadavivere.com\/wp-content\/uploads\/2022\/07\/rachele-ph-giuseppe-rutigliano.jpg\" alt=\"\" width=\"1280\" height=\"800\" srcset=\"https:\/\/www.veneziadavivere.com\/wp-content\/uploads\/2022\/07\/rachele-ph-giuseppe-rutigliano.jpg 1280w, https:\/\/www.veneziadavivere.com\/wp-content\/uploads\/2022\/07\/rachele-ph-giuseppe-rutigliano-600x375.jpg 600w\" sizes=\"auto, (max-width: 1280px) 100vw, 1280px\" \/><\/a><\/p>\n<h2>Theater in the squares, cinema on the water, fashion shows, jazz festivals, sunset aperitifs with art and music: all the summer events in Venice<\/h2>\n<p>During the months of <strong>outdoor events<\/strong>, we gather together in squares and on terraces. Following <em>Carmina Burana<\/em>, the grand concert that brought major events back <strong>to St. Mark&#8217;s Square<\/strong> with the orchestra and choir of the <strong><a href=\"https:\/\/www.teatrolafenice.it\/event\/concerto-diretto-da-fabio-luisi\/\" target=\"_blank\" rel=\"noopener nofollow\">Teatro La Fenice,<\/a><\/strong> summer appointments in Venice continue with music, the Biennale Danza, fashion shows, and film festivals, even by boat. <\/p>\n<h3>Procuratie Aperte<\/h3>\n<p><b>Forty-five creative Venetians<\/b> experienced the new spaces of the <strong>Procuratie Vecchie<\/strong> in St. Mark&#8217;s Square. Renovated by <strong>Generali<\/strong> and opened for the first time in 500 years, the Procuratie house an immersive exhibition, an auditorium, coworking spaces, a bookshop, and a caf\u00e9, and are becoming a central hub for Venetian life. <\/p>\n<p>Just as they were once the home of the Procurators of Saint Mark, today they are the headquarters of <a href=\"https:\/\/www.thehumansafetynet.org\/it\/\" target=\"_blank\" rel=\"noopener nofollow\">The Human Safety Net<\/a>, the foundation that manages global projects to support vulnerable people and promotes <strong>team working<\/strong> to develop human potential.<\/p>\n<p><strong>Collaboration<\/strong> is the focus of the appointment with the creatives who participated in the interactive games of the <strong>A World of Potential<\/strong> exhibition, which offers visitors an interactive experience to connect with their own potential and learn to see the best qualities in others.<\/p>\n<p>Protagonists of a series of photographic portraits by <b>Marta Formentello<\/b> and <b>Settimo Cannatella<\/b>, the creatives shared their projects with Venezia da Vivere. View and follow the entire story on the Instagram accounts of <a href=\"https:\/\/www.instagram.com\/veneziadavivere\" target=\"_blank\" rel=\"noopener nofollow\">@veneziadavivere<\/a> and <a href=\"https:\/\/www.instagram.com\/igersvenezia\" target=\"_blank\" rel=\"noopener nofollow\">@igersvenezia<\/a> with the tag <strong>#procuratieaperte<\/strong>. <\/p>\n<p>To book your <b>visit to the Procuratie Vecchie<\/b>, which is free for residents of the Municipality of Venice until August 31, 2022, please write to <a href=\"mailto:visit@thehumansafetynet.org\" target=\"_blank\" rel=\"noopener\">visit@thehumansafetynet.org<\/a>.<\/p>\n<p>&nbsp;<\/p>\n<h3>Women for Freedom in Jazz<\/h3>\n<p>Every Thursday until <strong>September 10<\/strong>, <a href=\"https:\/\/www.facebook.com\/womenforfreedominjazz\" target=\"_blank\" rel=\"noopener nofollow\"><em>Women for Freedom in Jazz<\/em><\/a> returns with jazz concerts on the terrace of the <a href=\"https:\/\/www.carltongrandcanal.com\/it\/\" target=\"_blank\" rel=\"noopener nofollow\">Hotel Carlton on the Grand Canal<\/a>.<\/p>\n<p>The program:<\/p>\n<p><strong>July<\/strong><br \/>\n<strong>14<\/strong> Rita Bincoletto with Diego Vio, guitar, and Max Trabucco, percussion<br \/>\n<strong>21<\/strong> Valentina Fin with Luca Zennaro, guitar, and Marco Centasso, double bass<br \/>\n<strong>28<\/strong> Josmil Neri, vocals, and Diletta Bibb\u00f2, classical guitar<\/p>\n<p><strong>August<\/strong><br \/>\n<strong>4<\/strong> Camilla Ferrari Sinconauti with Giacomo Maria Naccari, guitar<br \/>\n<strong>11<\/strong> Camilla Busetto with Luca Dalla Gasperina, piano, and Federico Lincetto, double bass<br \/>\n<strong>18<\/strong> Chiara Pelloni with Francesco Zaccanti, double bass, and Lorenzo Mazzocchetti, piano, in collaboration with Caligola Music<br \/>\n<strong>25<\/strong> Silvia Defend with Davide Palladin, guitar<\/p>\n<p><strong>September<\/strong><br \/>\n<strong>1<\/strong> Sara Fattoretto with Paolo Vianello, piano, Alberto Zuanon, double bass, and Stefano Cosi, drums<br \/>\n<strong>8<\/strong> Francesca Tandoi with Stefano Senni, double bass, in collaboration with Caligola Music<\/p>\n<p>Reservations are mandatory with dinner at 35 euros, available <a href=\"https:\/\/shop.corihotels.it\/it\/\" target=\"_blank\" rel=\"noopener nofollow\">online<\/a> or by writing to <a href=\"mailto:info@carltongrandcanal.com\" target=\"_blank\" rel=\"noopener\">info@carltongrandcanal.com<\/a>. In case of bad weather, concerts will be held at the Ristorante La Cupola on the ground floor of the hotel. <\/p>\n<div class=\"rgg-container\" data-rgg-id=\"2\">    <div class=\"rgg-imagegrid captions-overlay-hover-show captions-effect-slide_up \" data-rgg-id=\"2\">\n                    <a  title=\"\" data-caption=\"\" class=\" size-full rgg-img\" data-ratio=\"1.6\">\n                <img decoding=\"async\" class=\"rgg-tile-img\" src=\"https:\/\/www.veneziadavivere.com\/wp-content\/uploads\/2022\/04\/Piazza-San-Marco-ph.Marta-Formentello-per-VeneziadaVivere-Procuratie-Vecchie.jpg\" srcset=\"https:\/\/www.veneziadavivere.com\/wp-content\/uploads\/2022\/04\/Piazza-San-Marco-ph.Marta-Formentello-per-VeneziadaVivere-Procuratie-Vecchie.jpg 1280w, https:\/\/www.veneziadavivere.com\/wp-content\/uploads\/2022\/04\/Piazza-San-Marco-ph.Marta-Formentello-per-VeneziadaVivere-Procuratie-Vecchie-600x375.jpg 600w\" sizes=\"(max-width: 1280px) 100vw, 1280px\" alt=\"\" loading=\"lazy\" \/>            <\/a>\n                    <a  title=\"\" data-caption=\"\" class=\" size-full rgg-img\" data-ratio=\"1.5985790408526\">\n                <img decoding=\"async\" class=\"rgg-tile-img\" src=\"https:\/\/www.veneziadavivere.com\/wp-content\/uploads\/2019\/06\/TOP-OF-THE-CARLTON-1.jpg\" sizes=\"(max-width: 900px) 100vw, 900px\" alt=\"\" loading=\"lazy\" \/>            <\/a>\n                    <a  title=\"\" data-caption=\"\" class=\" size-full rgg-img\" data-ratio=\"1.6\">\n                <img decoding=\"async\" class=\"rgg-tile-img\" src=\"https:\/\/www.veneziadavivere.com\/wp-content\/uploads\/2022\/07\/DOCINABSOLUE2.jpg\" sizes=\"(max-width: 1280px) 100vw, 1280px\" alt=\"\" loading=\"lazy\" \/>            <\/a>\n                    <a  title=\"\" data-caption=\"\" class=\" size-full rgg-img\" data-ratio=\"1.6\">\n                <img decoding=\"async\" class=\"rgg-tile-img\" src=\"https:\/\/www.veneziadavivere.com\/wp-content\/uploads\/2022\/07\/MN_Veneto-Jazz-Festival-2022.jpg\" sizes=\"(max-width: 1280px) 100vw, 1280px\" alt=\"\" loading=\"lazy\" \/>            <\/a>\n                    <a  title=\"\" data-caption=\"\" class=\" size-full rgg-img\" data-ratio=\"1.6\">\n                <img decoding=\"async\" class=\"rgg-tile-img\" src=\"https:\/\/www.veneziadavivere.com\/wp-content\/uploads\/2022\/07\/Milton-Nascimento-2022-fotos-@marcoshermes-10.jpg\" sizes=\"(max-width: 1280px) 100vw, 1280px\" alt=\"\" loading=\"lazy\" \/>            <\/a>\n                    <a  title=\"\" data-caption=\"\" class=\" size-full rgg-img\" data-ratio=\"0.66625\">\n                <img decoding=\"async\" class=\"rgg-tile-img\" src=\"https:\/\/www.veneziadavivere.com\/wp-content\/uploads\/2022\/07\/mude-de-mar.jpg\" sizes=\"(max-width: 533px) 100vw, 533px\" alt=\"\" loading=\"lazy\" \/>            <\/a>\n            <\/div>\n<\/div>\n<h3>Venezia Jazz Festival<\/h3>\n<p>The 14th edition of the <a href=\"https:\/\/venetojazz.com\/\" target=\"_blank\" rel=\"noopener nofollow\"><strong>Venezia Jazz Festival<\/strong><\/a> (running until July 28), the music festival that enlivens the Venetian summer with live music. The July dates are: <\/p>\n<p><strong>July 13, 2022<\/strong> at 8 PM with Richard Galliano, Hermeto Pascoal e grupo &amp; Friends feat. <a href=\"https:\/\/venezianews.it\/events\/richard-galliano-hermeto-pascoal-e-grupo-friends-feat-gabriele-mirabassi\/\" target=\"_blank\" rel=\"noopener nofollow\">Gabriele Mirabassi<\/a><br \/>\n<strong>July 15, 2022<\/strong> at 8:45 PM with the duo <a href=\"https:\/\/venezianews.it\/events\/mediterranea\/\" target=\"_blank\" rel=\"noopener nofollow\">Mediterranea<\/a><\/p>\n<p>Download the event <a href=\"https:\/\/mailchi.mp\/9bcac7df3b4a\/venezia-jazz-fetival-2022-map\" target=\"_blank\" rel=\"noopener nofollow\">map<\/a>.<\/p>\n<p>&nbsp;<\/p>\n<h3>The Feast of the Redentore<\/h3>\n<p>This is the quintessential Venetian summer event, a deeply felt tradition in Venice that dates back over 400 years. It is celebrated on the third Sunday of July, which this year falls between <strong>July 16 and 17<\/strong>. Midnight is the highlight, featuring a <strong>fireworks<\/strong> display that lights up the night sky and reflects on the lagoon of the St. Mark&#8217;s Basin. <\/p>\n<p>To thank Christ for the end of the plague in 1575, the Venetians promised to build the <strong>Basilica del Redentore<\/strong> on Giudecca, commissioning <b>Andrea Palladio<\/b> for the project and establishing a pilgrimage. To allow Venetians to reach the church, a votive pedestrian bridge supported by boats has been constructed ever since. It opens on <strong>Friday the 15th at 8 PM<\/strong> and will remain open until Sunday, except during the fireworks display. <a href=\"https:\/\/veneziadavivere.us17.list-manage.com\/track\/click?u=c6d8f0a48514ecd40b73ae515&amp;id=d8267a8982&amp;e=506fce4ba4\" target=\"_blank\" rel=\"noopener nofollow\">Book to participate<\/a>  <\/p>\n<div class=\"rgg-container\" data-rgg-id=\"4\">    <div class=\"rgg-imagegrid captions-overlay-hover-show captions-effect-slide_up \" data-rgg-id=\"4\">\n                    <a  title=\"Redentore ph. geidiemme\" data-caption=\"Redentore ph. geidiemme\" class=\" size-full rgg-img\" data-ratio=\"0.8\">\n                <img decoding=\"async\" class=\"rgg-tile-img\" src=\"https:\/\/www.veneziadavivere.com\/wp-content\/uploads\/2018\/07\/geidiemme1-e1657206118275.jpg\" sizes=\"(max-width: 640px) 100vw, 640px\" alt=\"Redentore ph. Jacopo De Michelis @geidiemme\" loading=\"lazy\" \/><span class=\"rgg-caption-container\"><span class=\"rgg-caption\"><span class=\"rgg-inner-caption\">Redentore ph. geidiemme<\/span><\/span><\/span>            <\/a>\n                    <a  title=\"\" data-caption=\"\" class=\" size-full rgg-img\" data-ratio=\"1.5009380863039\">\n                <img decoding=\"async\" class=\"rgg-tile-img\" src=\"https:\/\/www.veneziadavivere.com\/wp-content\/uploads\/2017\/08\/Festa-del-Redentore-11.jpg\" srcset=\"https:\/\/www.veneziadavivere.com\/wp-content\/uploads\/2017\/08\/Festa-del-Redentore-11.jpg 800w, https:\/\/www.veneziadavivere.com\/wp-content\/uploads\/2017\/08\/Festa-del-Redentore-11-300x200.jpg 300w, https:\/\/www.veneziadavivere.com\/wp-content\/uploads\/2017\/08\/Festa-del-Redentore-11-768x512.jpg 768w, https:\/\/www.veneziadavivere.com\/wp-content\/uploads\/2017\/08\/Festa-del-Redentore-11-600x400.jpg 600w\" sizes=\"(max-width: 800px) 100vw, 800px\" alt=\"Redentore Festival\" loading=\"lazy\" \/>            <\/a>\n            <\/div>\n<\/div>\n<h3>Theater under the stars<\/h3>\n<p><a href=\"https:\/\/www.veniceopenstage.org\/\" target=\"_blank\" rel=\"noopener nofollow\"><strong>Venice Open Stage<\/strong><\/a> presents the tenth edition of the international outdoor theater festival from <strong>July 18 to 30, 2022<\/strong>, in the arena of Campazzo San Sebastiano in Venice.<\/p>\n<p>This year begins with the <b>Feast of the Redentore<\/b> on <strong>Saturday, July 16 at 9 PM<\/strong>, with a special preview featuring <span class=\"_aacl _aaco _aacu _aacx _aad7 _aade\">the Piccola Orchestra MDM and Space Barena.<\/span> <\/p>\n<p>The event promotes individual creativity and expression through the meeting of students, actors, theater professionals, and the public, with the aim of bringing new life to the cultural production of the city of Venice.<\/p>\n<p>It is conceived and curated by members of the cultural association <a href=\"https:\/\/www.alda-europe.eu\/it\/partner-socio\/cantieri-teatrali-veneziani\/\" target=\"_blank\" rel=\"noopener nofollow\"><strong>Cantieri Teatrali Veneziani<\/strong><\/a> in collaboration with the universities and the Academy of Fine Arts of Venice, as well as the partnership of the Municipality of Venice.<\/p>\n<p><span class=\"_aacl _aaco _aacu _aacx _aad7 _aade\">The full 2022 <a href=\"https:\/\/www.veniceopenstage.org\/programma\/\" target=\"_blank\" rel=\"noopener nofollow\">Program<\/a> is on the website;<\/span> for more information, please contact <a href=\"mailto:veniceopenstage@gmail.com\" target=\"_blank\" rel=\"noopener\" data-title=\"veniceopenstage@gmail.com\">veniceopenstage@gmail.com<\/a>.<\/p>\n<div class=\"video\"><iframe loading=\"lazy\" src=\"https:\/\/www.youtube.com\/embed\/k0hNOkxuI3M?rel=0&amp;controls=0\" width=\"1280\" height=\"720\" frameborder=\"0\" allowfullscreen=\"allowfullscreen\"><\/iframe><\/div>\n<h3>Venice Fashion Summer<\/h3>\n<p style=\"font-weight: 400;\"><b>Summer Venice Fashion Week returns on July 20 and 28, 2022, at the <strong><a href=\"https:\/\/www.hotelexcelsiorvenezia.com\/it\/\" target=\"_blank\" rel=\"noopener nofollow\">Hotel Excelsior<\/a><\/strong>. <\/b>On <b>July 20 and 28, 2022<\/b>, Hotel Excelsior and Venezia da Vivere present <b>Summer Venice Fashion Week<\/b>, two appointments with international fashion, design, and craftsmanship.<\/p>\n<p style=\"font-weight: 400;\"><span style=\"font-weight: 400;\">In the spectacular <\/span><b>Sala degli Stucchi<\/b><span style=\"font-weight: 400;\">, where one of the scenes from the film <\/span><i><span style=\"font-weight: 400;\">Once Upon a Time in America<\/span><\/i><span style=\"font-weight: 400;\"> was set, on July 20 and 28, 2022, Hotel Excelsior celebrates <\/span><b>the return of high fashion to Venice<\/b><span style=\"font-weight: 400;\"> by pairing six artisanal brands from the Veneto region with the New York lifestyle brand <\/span><b>L\u00e0 Fuori<\/b><span style=\"font-weight: 400;\">, which is dedicated to <\/span><b>promoting artisanal textile cultures from around the world<\/b><span style=\"font-weight: 400;\">.<\/span><\/p>\n<p style=\"font-weight: 400;\"><span style=\"font-weight: 400;\">In the year of <\/span><b>Homo Faber<\/b><span style=\"font-weight: 400;\">, the major event dedicated to European craftsmanship, the General Manager of Hotel Excelsior, <\/span><b>Alessio Lazazzera<\/b><span style=\"font-weight: 400;\">, stated that the hotel has chosen to <\/span><b>promote fine craftsmanship and the key values of sustainability<\/b><span style=\"font-weight: 400;\"> with a rich program of cultural activities and events.<\/span><\/p>\n<p style=\"font-weight: 400;\"><b><i>Sunset in Lisbon<\/i><\/b><\/p>\n<p>On <b>Wednesday, July 20, 2022, <\/b>starting at 7 PM, <b><a href=\"https:\/\/belafuori.com\/\" target=\"_blank\" rel=\"noopener nofollow\"><strong>L\u00e0 Fuori<\/strong><\/a><\/b> arrives in Venice from Los Angeles. This lifestyle brand, founded in 2019 in New York, represents a community of \u201cnomadic and creative hearts\u201d committed to the promotion and inclusion of artisanal textile cultures worldwide.<\/p>\n<p style=\"font-weight: 400;\"><span style=\"font-weight: 400;\">On Wednesday, July 20, L\u00e0 Fuori presents <\/span><b>Sunset in Lisbon<\/b><span style=\"font-weight: 400;\">, the new <\/span><b>Spring Summer 2023<\/b><span style=\"font-weight: 400;\"> collection. Soft, colorful garments that soothe the soul with joyful floral sensations, shimmering atmospheres at sunset, and patterns found in the monasteries of the Portuguese capital.<\/span> <\/p>\n<p style=\"font-weight: 400;\"><span style=\"font-weight: 400;\">The philosophy of L\u00e0 Fuori is <\/span><b>sustainable and ethical fashion<\/b><span style=\"font-weight: 400;\"> that chooses organic fabrics and dyes, handcrafted by a magical team of \u201ctailors of beauty.\u201d &#8220;The goal is to <\/span><b>give a face to the garments we create<\/b><span style=\"font-weight: 400;\"> through a narrative that <\/span><b>celebrates the artisan as the true protagonist<\/b><span style=\"font-weight: 400;\"> of all our collections,\u201d says <\/span><b>Vidur Adlakha<\/b><span style=\"font-weight: 400;\">, founder and CEO of the company.<\/span><\/p>\n<p style=\"font-weight: 400;\"><span style=\"font-weight: 400;\">This year&#8217;s innovation is the dialogue between precious silk and chiffon fabrics and elements of feathers and crystals created using <\/span><b>3D design<\/b><span style=\"font-weight: 400;\"> techniques.<\/span><\/p>\n<p style=\"font-weight: 400;\"><b>L\u00e0 Fuori presents Sunset in Lisbon<br \/>\n<\/b><b>Wednesday, July 20, 2022, from 7 PM<br \/>\n<\/b><b>Sala degli Stucchi<br \/>\n<\/b><b>Hotel Excelsior, Venice Lido<\/b><\/p>\n<p style=\"font-weight: 400;\"><b><i>The Skilled Hands <\/i><\/b><\/p>\n<p>On <b>Thursday, July 28, 2022<\/b>, from 7 PM, works of art born from the skilled hands of artisans will be on the runway.<\/p>\n<p style=\"font-weight: 400;\"><span style=\"font-weight: 400;\">Exquisite decorations, precious fabrics, hand-folded silks, embroidery, and feathers applied one by one for six Veneto brands: <\/span><b>Beniamina Zecchin, \u00e9paule 6419, Gaiofatto, mine de rien, MyssDuvall, and Teo d\u2019amar<\/b><span style=\"font-weight: 400;\"> present unique tailoring and design collections whose common thread is the patient work of master artisans.<\/span><\/p>\n<p style=\"font-weight: 400;\"><b>The Skilled Hands<br \/>\n<\/b><b>Thursday, July 28, 2022, from 7 PM<br \/>\n<\/b><b>Sala degli Stucchi<br \/>\n<\/b><b>Hotel Excelsior, Venice Lido<\/b><\/p>\n<p>Events by invitation only. For info and details, please contact <a href=\"mailto:hello@veneziadavivere.com\" target=\"_blank\" rel=\"noopener\">hello@veneziadavivere.com<\/a>. Confirmation is required. The events will be streamed live on the social media channels of <a href=\"https:\/\/www.instagram.com\/veneziadavivere\" target=\"_blank\" rel=\"noopener nofollow\">@veneziadavivere<\/a> and <a href=\"https:\/\/www.instagram.com\/venicefashionweek\" target=\"_blank\" rel=\"noopener nofollow\">@venicefashionweek<\/a>.   <\/p>\n<p>&nbsp;<\/p>\n<h3>Biennale Danza 2022<\/h3>\n<p>From <strong>July 22 to 31<\/strong>, the <strong>Biennale Danza Festival<\/strong>, directed by choreographer and director <strong>Wayne McGregor<\/strong>, offers the opportunity to discover not only a rich daily program of performances with international soloists and companies but also the evocative spaces and extraordinary Byzantine architecture of the Venice Arsenale, which are normally closed to the public.<\/p>\n<p>Read the <a href=\"https:\/\/static.labiennale.org\/files\/danza\/Documenti\/programma-danza-22g.pdf\" target=\"_blank\" rel=\"noopener nofollow\">PDF<\/a> of the program for the 16th International Festival of Contemporary Dance. <a href=\"https:\/\/veneziadavivere.us17.list-manage.com\/track\/click?u=c6d8f0a48514ecd40b73ae515&amp;id=97903857e8&amp;e=506fce4ba4\" target=\"_blank\" rel=\"noopener nofollow\">Purchase your ticket<\/a><\/p>\n<p>&nbsp;<\/p>\n<h3>The drive-in by boat!<\/h3>\n<p><a href=\"https:\/\/cinemabarchin.com\/\" target=\"_blank\" rel=\"noopener nofollow\"><strong>Cinema Barch-in<\/strong><\/a> returns to the Venice Arsenale from <strong>July 27 to 31, 2022<\/strong>, and this year with a new formula: entry to the outdoor film screening, to be viewed from a boat, will be in the form of a donation.<\/p>\n<p>A simple donation through the <b>crowdfunding<\/b> platform <a href=\"https:\/\/www.eppela.com\/projects\/8626\" target=\"_blank\" rel=\"noopener nofollow\">Eppela<\/a> in support of the initiative and those who work on it guarantees access to the event area and reserves your boat or seating spot in advance for one of the scheduled evenings (yet to be defined). Free donations can be made, with a Barch-in themed gadget as a gift. <\/p>\n<p>The event is made possible thanks to the support of the Municipality of Venice and the Italian Navy, in collaboration with Campari and Prosecco DOC, which will accompany the sunset aperitif and the start of the screening, and is produced by the <a href=\"https:\/\/www.femsducinema.it\/\" target=\"_blank\" rel=\"noopener nofollow\">FEMS du Cin\u00e9ma<\/a> Association.<br \/>\n<a href=\"https:\/\/cinemabarchin.com\/2022\/06\/20\/barch-in-chiama-venezia-risponde\/\" rel=\"nofollow noopener\" target=\"_blank\">Book now<\/a> and stay tuned!<\/p>\n<div class=\"rgg-container\" data-rgg-id=\"6\">    <div class=\"rgg-imagegrid captions-overlay-hover-show captions-effect-slide_up \" data-rgg-id=\"6\">\n                    <a  title=\"\" data-caption=\"\" class=\" size-full rgg-img\" data-ratio=\"0.66791979949875\">\n                <img decoding=\"async\" class=\"rgg-tile-img\" src=\"https:\/\/www.veneziadavivere.com\/wp-content\/uploads\/2022\/07\/La\u0300-Fuori-\u00a9-rossana-viola-rossviola-34.jpg\" sizes=\"(max-width: 533px) 100vw, 533px\" alt=\"\" loading=\"lazy\" \/>            <\/a>\n                    <a  title=\"\" data-caption=\"\" class=\" size-full rgg-img\" data-ratio=\"0.66708385481852\">\n                <img decoding=\"async\" class=\"rgg-tile-img\" src=\"https:\/\/www.veneziadavivere.com\/wp-content\/uploads\/2022\/07\/La\u0300-Fuori-Splendore-Artigiano-by-Marta-Formentello.jpg\" sizes=\"(max-width: 533px) 100vw, 533px\" alt=\"\" loading=\"lazy\" \/>            <\/a>\n                    <a  title=\"\" data-caption=\"\" class=\" size-full rgg-img\" data-ratio=\"1.6\">\n                <img decoding=\"async\" class=\"rgg-tile-img\" src=\"https:\/\/www.veneziadavivere.com\/wp-content\/uploads\/2022\/07\/1c-foto-dello-spettacolo-Petrouchka-\uf022-\u00a9-Akihito-Abe.jpg\" sizes=\"(max-width: 1280px) 100vw, 1280px\" alt=\"\" loading=\"lazy\" \/>            <\/a>\n                    <a  title=\"\" data-caption=\"\" class=\" size-full rgg-img\" data-ratio=\"0.66625\">\n                <img decoding=\"async\" class=\"rgg-tile-img\" src=\"https:\/\/www.veneziadavivere.com\/wp-content\/uploads\/2022\/07\/11c-A.I.M-by-Kyle-Abraham_Photo-by-Peter-Ho\u0308nnemann.jpg\" sizes=\"(max-width: 533px) 100vw, 533px\" alt=\"\" loading=\"lazy\" \/>            <\/a>\n                    <a  title=\"\" data-caption=\"\" class=\" size-full rgg-img\" data-ratio=\"1.6\">\n                <img decoding=\"async\" class=\"rgg-tile-img\" src=\"https:\/\/www.veneziadavivere.com\/wp-content\/uploads\/2022\/07\/Carta-Abitata-Arsenale-Barch-in.jpg\" srcset=\"https:\/\/www.veneziadavivere.com\/wp-content\/uploads\/2022\/07\/Carta-Abitata-Arsenale-Barch-in.jpg 1280w, https:\/\/www.veneziadavivere.com\/wp-content\/uploads\/2022\/07\/Carta-Abitata-Arsenale-Barch-in-600x375.jpg 600w\" sizes=\"(max-width: 1280px) 100vw, 1280px\" alt=\"\" loading=\"lazy\" \/>            <\/a>\n            <\/div>\n<\/div>\n<h3>Cinema returns to Campo San Polo <em><br \/>\n<\/em><\/h3>\n<p>The unmissable appointment with <strong>Cinema in Campo San Polo<\/strong>, one of Venice&#8217;s largest and most central squares, returns from <strong>August 13 to 31 and from September 2 to 5, 2022<\/strong>.<\/p>\n<p>This year, the film festival will feature only movies from the <a href=\"https:\/\/events.veneziaunica.it\/it\/content\/cinemoving-2021\" target=\"_blank\" rel=\"noopener nofollow\"><strong>CineMoving<\/strong><\/a> touring circuit, while films from the Lido Film Festival will be screened at the <a href=\"https:\/\/www.comune.venezia.it\/it\/content\/marghera-estate-2021\" target=\"_blank\" rel=\"noopener nofollow\">Cinema Sotto le Stelle<\/a> festival in Piazza Mercato, Marghera.<\/p>\n<p><strong>The Program<\/strong><\/p>\n<p><strong>Thursday, August 20<\/strong>: <em>Please Stand By<\/em> by Ben Lewin.<br \/>\n<strong>Friday, August 21<\/strong>: <em>The Martian<\/em> by Ridley Scott.<br \/>\n<strong>Saturday, August 22<\/strong>: <em>Inside Out<\/em>. Animated film by Ronnie Del Carmen and Pete Docter.<br \/>\n<strong>Sunday, August 23<\/strong>: <em>Tintoretto: The Artist Who Killed Painting<\/em> by Erminio Perocco.<br \/>\n<strong>Monday, August 24<\/strong>: <em>Thelma, Louise and Chantal<\/em> by Beno\u00eet P\u00e9tr\u00e9.<br \/>\n<strong>Tuesday, August 25<\/strong>: <em>Rara<\/em> by Pepa San Martin.<br \/>\n<strong>Wednesday, August 26<\/strong>: <em>If Life Gives You Lemons<\/em> by Ciro D\u2019Emilio.<br \/>\n<strong>Thursday, August 27<\/strong>: <em>10 Items or Less<\/em> by Brad Silberling.<br \/>\n<strong>Friday, August 28<\/strong>: <em>The Bookshop<\/em> by Isabel Coixet.<br \/>\n<strong>Saturday, August 29<\/strong>: <em>The Man Who Knew Too Much<\/em> by Alfred Hitchcock.<br \/>\n<strong>Sunday, August 30<\/strong>: <em>The Other Side of Hope<\/em> by Aki Kaurism\u00e4ki.<\/p>\n<p>Full price tickets are \u20ac6 and reduced price \u20ac5. Contact <a href=\"mailto:circuitocinema@comune.venezia.it\" target=\"_blank\" rel=\"noopener\">circuitocinema@comune.venezia.it<\/a>. <\/p>\n<p>&nbsp;<\/p>\n<h3>The Premio Campiello<\/h3>\n<p>In July, the first series of meetings leading up to the <strong>60th edition of the<\/strong> <a href=\"https:\/\/www.premiocampiello.org\" target=\"_blank\" rel=\"noopener nofollow\"><strong>Premio Campiello<\/strong><\/a>: on <strong>July 27<\/strong> at 7 PM on the fourth floor, at the panoramic terrace of <a href=\"https:\/\/www.dfs.com\/it\/stores\/t-fondaco-dei-tedeschi-by-dfs\" target=\"_blank\" rel=\"noopener nofollow\"><strong>T Fondaco dei Tedeschi<\/strong><\/a> for the presentation with <strong>Emanuele Zinato<\/strong> of the 2022 Premio Campiello Opera Prima (to book, contact <a href=\"mailto:fondaco.culture@dfs.com\" target=\"_blank\" rel=\"noopener\">fondaco.culture@dfs.com<\/a>) and on Thursday, <strong>July 28<\/strong> at 6:30 PM at the <a href=\"https:\/\/www.ausoniahungaria.com\/\" target=\"_blank\" rel=\"noopener nofollow\"><strong>Hotel Ausonia &amp; Hungaria<\/strong><\/a> on the Venice Lido with the authors of the five finalists (<a href=\"mailto:info@ausoniahungaria.com\" target=\"_blank\" rel=\"noopener\">info@ausoniahungaria.com<\/a>).    <\/p>\n<p>The awards ceremony will return to its historic venue at <strong>Teatro La Fenice<\/strong> on <strong>September 3<\/strong>, 2022, with a new feature for next year: an award for works of fiction, non-fiction, and poetry that are &#8220;connected to nature intended as a living entity in harmony with the whole,&#8221; supported by the <a href=\"https:\/\/www.venicegardensfoundation.org\/\" target=\"_blank\" rel=\"noopener nofollow\"><strong>Venice Gardens Foundation<\/strong><\/a>.<\/p>\n<p>&nbsp;<\/p>\n<h3>Waiting for the next Venice Film Festival<\/h3>\n<p>Alejandro Gonz\u00e1lez I\u00f1\u00e1rritu, Guillermo del Toro, Wes Anderson, Luca Guadagnino, and <strong>Roc\u00edo Mu\u00f1oz Morales<\/strong> (the godmother) are some of the international film stars we will meet at the next Venice <a href=\"https:\/\/www.labiennale.org\/it\/cinema\/2022\" target=\"_blank\" rel=\"noopener nofollow\">Film Festival<\/a>. Among the films, it is rumored that we will likely see <em>Master Gardener<\/em> by <strong>Paul Schrader<\/strong> screened Out of Competition; he will receive the Golden Lion for Lifetime Achievement this year along with <strong>Catherine Deneuve<\/strong>. <\/p>\n<h3>The immortal stars of Riccardo Ghilardi<\/h3>\n<p>The <a href=\"https:\/\/www.hotelexcelsiorvenezia.com\/it\/\" target=\"_blank\" rel=\"noopener nofollow\">Hotel Excelsior<\/a> on the Venice Lido, which hosted the first event dedicated to Venice Cinema in 1932, will host the exhibition <em><b>Three Minutes at the Excelsior<\/b><\/em> by photographer <strong>Riccardo Ghilardi<\/strong> from <strong>August 31 to October 23, 2022<\/strong>, featuring portraits of artists photographed during the world&#8217;s most important film festivals.<\/p>\n<p>Throughout the <strong>79th Venice International Film Festival<\/strong> of the Biennale di Venezia, from August 31 to September 10, 2022, <strong>we will bring you backstage and Red Carpet coverage<\/strong>, featuring the stars and behind-the-scenes stories of the world&#8217;s oldest festival.<\/p>\n<p>Stay connected with us for <strong>live broadcasts from the Festival<\/strong>, Coffee with <a href=\"https:\/\/www.instagram.com\/veneziadavivere\" rel=\"nofollow noopener\" target=\"_blank\">Venezia da Vivere<\/a>, and <strong>Before the Red Carpet<\/strong> appointments: this year, our coverage will once again be at the <strong>Excelsior Lounge<\/strong>, the space dedicated to interviews, shoots, and Instagram live sessions envisioned by Venezia da Vivere for Hotel Excelsior.<\/p>\n<p>&nbsp;<\/p>\n<h3>The 2022 Historical Regatta<\/h3>\n<p>The <a href=\"https:\/\/www.regatastoricavenezia.it\/\" target=\"_blank\" rel=\"noopener nofollow\"><strong>Historical Regatta<\/strong><\/a> is the main event in the annual calendar of Voga alla Veneta races, a discipline unique in the world practiced for millennia in the Venice lagoon, which this year falls on <strong>Sunday, September 4<\/strong>.<\/p>\n<p>The full program is on the <a href=\"https:\/\/www.regatastoricavenezia.it\/programma\/\" target=\"_blank\" rel=\"noopener nofollow\">official website<\/a>.<\/p>\n<div class=\"rgg-container\" data-rgg-id=\"8\">    <div class=\"rgg-imagegrid captions-overlay-hover-show captions-effect-slide_up \" data-rgg-id=\"8\">\n                    <a  title=\"\" data-caption=\"\" class=\" size-full rgg-img\" data-ratio=\"1.6\">\n                <img decoding=\"async\" class=\"rgg-tile-img\" src=\"https:\/\/www.veneziadavivere.com\/wp-content\/uploads\/2021\/09\/palazzocinema-redcarpet-ph-rossana-viola.jpg\" sizes=\"(max-width: 1280px) 100vw, 1280px\" alt=\"\" loading=\"lazy\" \/>            <\/a>\n                    <a  title=\"\" data-caption=\"\" class=\" size-full rgg-img\" data-ratio=\"1.6\">\n                <img decoding=\"async\" class=\"rgg-tile-img\" src=\"https:\/\/www.veneziadavivere.com\/wp-content\/uploads\/2021\/09\/\u00a9rossana-viola_Venezia78_11settembre2021-Cinema-Premi.jpg\" sizes=\"(max-width: 1280px) 100vw, 1280px\" alt=\"\" loading=\"lazy\" \/>            <\/a>\n                    <a  title=\"\" data-caption=\"\" class=\" size-full rgg-img\" data-ratio=\"0.6675\">\n                <img decoding=\"async\" class=\"rgg-tile-img\" src=\"https:\/\/www.veneziadavivere.com\/wp-content\/uploads\/2018\/09\/Ph-Massimo-Peca-Veneziadavivere-Venezia75-Cinema2018_7497.jpg\" sizes=\"(max-width: 534px) 100vw, 534px\" alt=\"\" loading=\"lazy\" \/>            <\/a>\n                    <a  title=\"\" data-caption=\"\" class=\" size-full rgg-img\" data-ratio=\"1.6\">\n                <img decoding=\"async\" class=\"rgg-tile-img\" src=\"https:\/\/www.veneziadavivere.com\/wp-content\/uploads\/2018\/09\/Ph-Rossana-Viola-Venezia75-Cinema2018-Veneziadavivere_2-settembre-37.jpg\" sizes=\"(max-width: 1200px) 100vw, 1200px\" alt=\"\" loading=\"lazy\" \/>            <\/a>\n            <\/div>\n<\/div>\n<h3>Current exhibitions<\/h3>\n<h3>Fran\u00e7ois Xavier Saint Pierre<\/h3>\n<p><a href=\"https:\/\/fondazionemarchesani.org\/\" target=\"_blank\" rel=\"noopener nofollow\"><strong>Fondazione Giorgio e Armanda Marchesani<\/strong><\/a> (Fondamenta Rossa, Dorsoduro 2525) presents <em>The Spiders and the Bees<\/em>, a solo exhibition of paintings by <strong>Fran\u00e7ois Xavier Saint Pierre<\/strong>, a Canadian and Venetian artist, <strong>until July 31, 2022<\/strong>.<\/p>\n<p>The space is open Monday to Thursday from 3 PM to 7 PM and Friday to Sunday from 11 AM to 7 PM.<\/p>\n<p>&nbsp;<\/p>\n<h3>Glass and Opera<\/h3>\n<p>During the <strong>International Year of<\/strong> <strong>Glass<\/strong>, from <strong>July 1 to November 27, 2022<\/strong>, the <a href=\"https:\/\/carlogoldoni.visitmuve.it\/\" target=\"_blank\" rel=\"noopener nofollow\"><strong>Casa di Carlo Goldoni<\/strong><\/a> hosts the traveling exhibition <em>Glass and Opera<\/em>, curated by Sandro Pezzoli and Chiara Squarcina.<\/p>\n<p>Born from the union of two art forms linked to Venice\u2014the art of Murano blown glass and opera, which came to life in Venice in 1637 with the opening of the ancient Teatro San Cassiano\u2014the project will be presented in Milan, Naples, Madrid-Alcorc\u00f3n, and Segovia after its Venice debut.<\/p>\n<p>&nbsp;<\/p>\n<h3>The new itineraries at the Royal Palace of Venice<\/h3>\n<p>The journey to discover the <strong><a href=\"https:\/\/correr.visitmuve.it\/\" target=\"_blank\" rel=\"noopener nofollow\">Museo Correr<\/a> in St. Mark&#8217;s Square<\/strong> expands by twenty beautifully decorated and furnished rooms starting July 15. These are part of the private spaces of the historic <strong>Royal Palace<\/strong> overlooking the Royal Gardens, which have been brought back to life through historical research and restoration work. The original decorations, tapestries, furniture, and furnishings belonging to illustrious inhabitants have been recovered: Eug\u00e8ne de Beauharnais &#8211; Napoleon&#8217;s godson, Empress Sissi, Maximilian of Habsburg, King Victor Emmanuel II, and Queen Margherita of Savoy.  <\/p>\n<p>&nbsp;<\/p>\n<h3>Lorenzo Quinn&#8217;s Baby 3.0<\/h3>\n<p>Venice is preparing to host the new giant work of art by <a href=\"https:\/\/lorenzoquinn.com\/\" target=\"_blank\" rel=\"noopener nofollow\"><strong>Lorenzo Quinn<\/strong><\/a>. From the &#8220;large hands&#8221; at Palazzo Ca&#8217; Sagredo in 2017 to those titled <em>Building Bridges<\/em> present at the Arsenale since 2019, from <strong>July 15 to October 31, 2022<\/strong>, in the garden of <strong>Palazzo Ca&#8217; Corner la Ca&#8217; Granda<\/strong> in St. Mark&#8217;s\u2014a splendid building on the Grand Canal designed by Jacopo <strong>Sansovino<\/strong> and home to the Municipality of Venice and the Prefecture\u2014we can admire <em>Baby 3.0<\/em>, the monumental creation curated by <strong>Amira Gad<\/strong>. <\/p>\n<div class=\"rgg-container\" data-rgg-id=\"10\">    <div class=\"rgg-imagegrid captions-overlay-hover-show captions-effect-slide_up \" data-rgg-id=\"10\">\n                    <a  title=\"\" data-caption=\"\" class=\" size-full rgg-img\" data-ratio=\"0.66625\">\n                <img decoding=\"async\" class=\"rgg-tile-img\" src=\"https:\/\/www.veneziadavivere.com\/wp-content\/uploads\/2022\/07\/vetro-opera-lirica-3.jpg\" sizes=\"(max-width: 533px) 100vw, 533px\" alt=\"\" loading=\"lazy\" \/>            <\/a>\n                    <a  title=\"\" data-caption=\"\" class=\" size-full rgg-img\" data-ratio=\"0.66625\">\n                <img decoding=\"async\" class=\"rgg-tile-img\" src=\"https:\/\/www.veneziadavivere.com\/wp-content\/uploads\/2022\/07\/vetro-opera-lirica-Armony.jpg\" sizes=\"(max-width: 533px) 100vw, 533px\" alt=\"\" loading=\"lazy\" \/>            <\/a>\n                    <a  title=\"\" data-caption=\"\" class=\" size-full rgg-img\" data-ratio=\"0.66625\">\n                <img decoding=\"async\" class=\"rgg-tile-img\" src=\"https:\/\/www.veneziadavivere.com\/wp-content\/uploads\/2022\/07\/vetro-opera-lirica-6.jpg\" sizes=\"(max-width: 533px) 100vw, 533px\" alt=\"\" loading=\"lazy\" \/>            <\/a>\n                    <a  title=\"\" data-caption=\"\" class=\" size-full rgg-img\" data-ratio=\"1.6\">\n                <img decoding=\"async\" class=\"rgg-tile-img\" src=\"https:\/\/www.veneziadavivere.com\/wp-content\/uploads\/2022\/07\/Lorenzo-Quinn-preview-2022.jpg\" sizes=\"(max-width: 1280px) 100vw, 1280px\" alt=\"\" loading=\"lazy\" \/>            <\/a>\n                    <a  title=\"\" data-caption=\"\" class=\" size-full rgg-img\" data-ratio=\"1.6\">\n                <img decoding=\"async\" class=\"rgg-tile-img\" src=\"https:\/\/www.veneziadavivere.com\/wp-content\/uploads\/2022\/07\/Lorenzo-Quinn-Schizzo-baby-3.0.jpg\" sizes=\"(max-width: 1280px) 100vw, 1280px\" alt=\"\" loading=\"lazy\" \/>            <\/a>\n                    <a  title=\"\" data-caption=\"\" class=\" size-full rgg-img\" data-ratio=\"1.6\">\n                <img decoding=\"async\" class=\"rgg-tile-img\" src=\"https:\/\/www.veneziadavivere.com\/wp-content\/uploads\/2022\/07\/Lorenzo-Quinn_preview-2022.jpg\" sizes=\"(max-width: 1280px) 100vw, 1280px\" alt=\"\" loading=\"lazy\" \/>            <\/a>\n            <\/div>\n<\/div>\n<p><em>The article is by Lucia Pecoraro.<\/em><\/p>\n<p><em>We thank the press offices of Teatro La Fenice, Fondazione Bevilacqua La Masa, Lorenzo Quinn, La Biennale Danza, Barch-in, Venezia Jazz Festival, and MUVE for Glass and Opera <\/em><em>for providing the photographic material<\/em><em>.<br \/>\nThe other photographs are by Giuseppe Rutigliano for the cover and Rossana Viola, Massimo Peca, Jacopo de Michelis, and Marta Formentello for Venezia da Vivere and Venice Fashion Week.<br \/>\n<\/em><\/p>\n<p>[\/vc_column_text][\/vc_column][\/vc_row]<\/p>\n<\/div>","protected":false},"excerpt":{"rendered":"<p>[vc_row][vc_column][vc_column_text] Theater in the squares, cinema on the water, fashion shows, jazz festivals, sunset aperitifs with art and music: all the summer events in Venice During the months of outdoor events, we gather together in squares and on terraces. Following Carmina Burana, the grand concert that brought major events back to St. Mark&#8217;s Square with [&hellip;]<\/p>\n","protected":false},"author":14,"featured_media":27331,"comment_status":"closed","ping_status":"closed","sticky":false,"template":"","format":"standard","meta":{"_genesis_hide_title":false,"_genesis_hide_breadcrumbs":false,"_genesis_hide_singular_image":false,"_genesis_hide_footer_widgets":false,"_genesis_custom_body_class":"","_genesis_custom_post_class":"","_genesis_layout":"","footnotes":""},"categories":[84,147,88],"tags":[],"class_list":["post-44204","post","type-post","status-publish","format-standard","has-post-thumbnail","category-news","category-culture","category-fashion","entry"],"_links":{"self":[{"href":"https:\/\/www.veneziadavivere.com\/en\/wp-json\/wp\/v2\/posts\/44204","targetHints":{"allow":["GET"]}}],"collection":[{"href":"https:\/\/www.veneziadavivere.com\/en\/wp-json\/wp\/v2\/posts"}],"about":[{"href":"https:\/\/www.veneziadavivere.com\/en\/wp-json\/wp\/v2\/types\/post"}],"author":[{"embeddable":true,"href":"https:\/\/www.veneziadavivere.com\/en\/wp-json\/wp\/v2\/users\/14"}],"replies":[{"embeddable":true,"href":"https:\/\/www.veneziadavivere.com\/en\/wp-json\/wp\/v2\/comments?post=44204"}],"version-history":[{"count":1,"href":"https:\/\/www.veneziadavivere.com\/en\/wp-json\/wp\/v2\/posts\/44204\/revisions"}],"predecessor-version":[{"id":44210,"href":"https:\/\/www.veneziadavivere.com\/en\/wp-json\/wp\/v2\/posts\/44204\/revisions\/44210"}],"wp:featuredmedia":[{"embeddable":true,"href":"https:\/\/www.veneziadavivere.com\/en\/wp-json\/wp\/v2\/media\/27331"}],"wp:attachment":[{"href":"https:\/\/www.veneziadavivere.com\/en\/wp-json\/wp\/v2\/media?parent=44204"}],"wp:term":[{"taxonomy":"category","embeddable":true,"href":"https:\/\/www.veneziadavivere.com\/en\/wp-json\/wp\/v2\/categories?post=44204"},{"taxonomy":"post_tag","embeddable":true,"href":"https:\/\/www.veneziadavivere.com\/en\/wp-json\/wp\/v2\/tags?post=44204"}],"curies":[{"name":"wp","href":"https:\/\/api.w.org\/{rel}","templated":true}]}}