{"id":44236,"date":"2019-11-20T17:40:13","date_gmt":"2019-11-20T16:40:13","guid":{"rendered":"https:\/\/www.veneziadavivere.com\/november-of-water-lets-start-again-with-events\/"},"modified":"2026-04-02T15:28:14","modified_gmt":"2026-04-02T13:28:14","slug":"november-of-water-lets-start-again-with-events","status":"publish","type":"post","link":"https:\/\/www.veneziadavivere.com\/en\/november-of-water-lets-start-again-with-events\/","title":{"rendered":"November of water. Let&#8217;s start again with events"},"content":{"rendered":"<div class=\"wpb-content-wrapper\" id=\"wpb-content-root\"><p>[vc_row][vc_column][vc_column_text]<\/p>\n<div class=\"figure\"><img loading=\"lazy\" decoding=\"async\" class=\"alignnone wp-image-17770 size-full\" src=\"https:\/\/www.veneziadavivere.com\/wp-content\/uploads\/2019\/11\/Bianca-Balti-Helen-Storey-UNHCR-2.jpg\" alt=\"\" width=\"1280\" height=\"800\" srcset=\"https:\/\/www.veneziadavivere.com\/wp-content\/uploads\/2019\/11\/Bianca-Balti-Helen-Storey-UNHCR-2.jpg 1280w, https:\/\/www.veneziadavivere.com\/wp-content\/uploads\/2019\/11\/Bianca-Balti-Helen-Storey-UNHCR-2-600x375.jpg 600w\" sizes=\"auto, (max-width: 1280px) 100vw, 1280px\" \/><\/div>\n<h2><strong>Many events close the month of November in Venice: free admissions, <\/strong><strong>finissages and openings,<\/strong><strong> Biennale, Peggy Guggenheim Collection, Palazzo Grassi, and the Feast of the Madonna della Salute<\/strong><\/h2>\n<p><strong>Free entry to the Biennale for Venetians<\/strong>: <strong>Thursday 21 and Friday 22 November<\/strong>, coinciding with the Feast of the Madonna della Salute, La Biennale di Venezia offers free admission to residents of the Municipality of Venice to the <strong>58th International Art Exhibition<\/strong> May You Live in Interesting Times.<\/p>\n<p>To access the Exhibition, it is necessary to present a valid identity document certifying residency (no Imob) at the Giardini or Arsenale ticket offices. <a href=\"https:\/\/www.labiennale.org\/it\/news\/gioved%C3%AC-21-e-venerd%C3%AC-22-ingresso-gratuito-i-residenti\" target=\"_blank\" rel=\"noopener noreferrer nofollow\">Information<\/a><\/p>\n<div class=\"rgg-container\" data-rgg-id=\"2\">    <div class=\"rgg-imagegrid captions-overlay-hover-show captions-effect-slide_up \" data-rgg-id=\"2\">\n                    <a  title=\"\" data-caption=\"\" class=\" size-large rgg-img\" data-ratio=\"0.8\">\n                <img decoding=\"async\" class=\"rgg-tile-img\" src=\"https:\/\/www.veneziadavivere.com\/wp-content\/uploads\/2019\/07\/MartinaVidalOrBiennale.jpg\" sizes=\"(max-width: 480px) 100vw, 480px\" alt=\"Martina Vidal-Liolaliola\" loading=\"lazy\" \/>            <\/a>\n                    <a  title=\"\" data-caption=\"\" class=\" size-large rgg-img\" data-ratio=\"1.6\">\n                <img decoding=\"async\" class=\"rgg-tile-img\" src=\"https:\/\/www.veneziadavivere.com\/wp-content\/uploads\/2019\/11\/Festa-della-Madonna-della-Salute.jpg\" sizes=\"(max-width: 1024px) 100vw, 1024px\" alt=\"Feast-of-the-Madonna-della-Salute\" loading=\"lazy\" \/>            <\/a>\n                    <a  title=\"\" data-caption=\"\" class=\" size-large rgg-img\" data-ratio=\"1.6\">\n                <img decoding=\"async\" class=\"rgg-tile-img\" src=\"https:\/\/www.veneziadavivere.com\/wp-content\/uploads\/2019\/11\/Dress-For-Our-Time-Bianca-Balti-3-Rothko-in-Lampedusa-performance-May-2019-Venice.jpg\" srcset=\"https:\/\/www.veneziadavivere.com\/wp-content\/uploads\/2019\/11\/Dress-For-Our-Time-Bianca-Balti-3-Rothko-in-Lampedusa-performance-May-2019-Venice.jpg 1280w, https:\/\/www.veneziadavivere.com\/wp-content\/uploads\/2019\/11\/Dress-For-Our-Time-Bianca-Balti-3-Rothko-in-Lampedusa-performance-May-2019-Venice-600x375.jpg 600w\" sizes=\"(max-width: 1024px) 100vw, 1024px\" alt=\"Dress For Our Time-Bianca Balti 3-Rothko in Lampedusa performance-May 2019 Venice\" loading=\"lazy\" \/>            <\/a>\n            <\/div>\n<\/div>\n<h3>Venetians&#8217; Week at the Peggy Guggenheim Collection until November 21<\/h3>\n<p>On the occasion of the <strong>Feast of the Madonna della Salute<\/strong>, admission to the <strong>Peggy Guggenheim Collection<\/strong> is <strong>free<\/strong> for residents of the municipalities of Venice, upon presentation of an identity document or the Venezia Unica card. <a href=\"http:\/\/www.guggenheim-venice.it\/default.html\" target=\"_blank\" rel=\"noopener noreferrer nofollow\">Information<\/a><\/p>\n<div class=\"rgg-container\" data-rgg-id=\"4\">    <div class=\"rgg-imagegrid captions-overlay-hover-show captions-effect-slide_up \" data-rgg-id=\"4\">\n                    <a  title=\"\" data-caption=\"\" class=\" size-large rgg-img\" data-ratio=\"1.6\">\n                <img decoding=\"async\" class=\"rgg-tile-img\" src=\"https:\/\/www.veneziadavivere.com\/wp-content\/uploads\/2019\/11\/Peggy-Guggenheim-Collection.jpg\" sizes=\"(max-width: 800px) 100vw, 800px\" alt=\"Peggy-Guggenheim-Collection\" loading=\"lazy\" \/>            <\/a>\n                    <a  title=\"\" data-caption=\"\" class=\" size-large rgg-img\" data-ratio=\"0.8\">\n                <img decoding=\"async\" class=\"rgg-tile-img\" src=\"https:\/\/www.veneziadavivere.com\/wp-content\/uploads\/2017\/05\/Peggy-Guggenheim-Collection-2.jpg\" srcset=\"https:\/\/www.veneziadavivere.com\/wp-content\/uploads\/2017\/05\/Peggy-Guggenheim-Collection-2.jpg 640w, https:\/\/www.veneziadavivere.com\/wp-content\/uploads\/2017\/05\/Peggy-Guggenheim-Collection-2-240x300.jpg 240w\" sizes=\"(max-width: 640px) 100vw, 640px\" alt=\"Peggy Guggenheim Collection\" loading=\"lazy\" \/>            <\/a>\n                    <a  title=\"\" data-caption=\"\" class=\" size-large rgg-img\" data-ratio=\"0.6675\">\n                <img decoding=\"async\" class=\"rgg-tile-img\" src=\"https:\/\/www.veneziadavivere.com\/wp-content\/uploads\/2017\/05\/Peggy-Guggenheim-Collection-8.jpg\" srcset=\"https:\/\/www.veneziadavivere.com\/wp-content\/uploads\/2017\/05\/Peggy-Guggenheim-Collection-8.jpg 534w, https:\/\/www.veneziadavivere.com\/wp-content\/uploads\/2017\/05\/Peggy-Guggenheim-Collection-8-200x300.jpg 200w\" sizes=\"(max-width: 534px) 100vw, 534px\" alt=\"Peggy Guggenheim Collection\" loading=\"lazy\" \/>            <\/a>\n            <\/div>\n<\/div>\n<h3><strong><br \/>\n<\/strong>Spreading CreActivity: Finissage and round table for the exhibition Rothko in Lampedusa<\/h3>\n<p><strong>Friday, November 22 from 6:00 PM<\/strong><br \/>\n<b>Ugo and Olga Levi Foundation, Palazzo Giustinian Lolin, San Marco 2893<\/b><\/p>\n<p class=\"Body-MnRsT Paragraph-cbzGIL gTtGLC\" data-test-id=\"Paragraph\"><a href=\"https:\/\/www.vogue.it\/news\/article\/biennale-arte-venezia-bianca-balti-unhcr-rothko-in-lampedusa\" target=\"_blank\" rel=\"noopener noreferrer nofollow\"><strong>A dress made from a UNHCR tent<\/strong><\/a> once sheltered a refugee family in the Za\u2019atari camp. <b>Dress for our time <\/b>is a performance featuring Bianca Balti in Venice, now a video installation for the exhibition <strong>Rothko in Lampedusa <\/strong>organized by UNHCR, the United Nations High Commissioner for Refugees, curated by Venetians <strong>Luca Berta<\/strong> and <strong>Francesca Giubilei<\/strong> on the occasion of the <strong>58th International Art Exhibition of Venice<\/strong>.<\/p>\n<p class=\"Body-MnRsT Paragraph-cbzGIL gTtGLC\" data-test-id=\"Paragraph\"><b>The shelter-dress is a project by Helen Storey<\/b>, artist and designer from the London College of Fashion at the University of the Arts London, to raise awareness about the dramatic condition experienced by over 68.5 million people uprooted from their homes by war and violence.<\/p>\n<p data-test-id=\"Paragraph\">\u201c<strong>Through art, people in flight keep their humanity alive<\/strong>, their dignity, and rekindle the hope of rebuilding their country,\u201d stated <strong>Carlotta Sami<\/strong>, <a href=\"https:\/\/www.unhcr.it\/dona-ora?vm=single&amp;cmp=19_OB_00_00&amp;ds_rl=1255091&amp;gclid=CjwKCAiAws7uBRAkEiwAMlbZjgZmWZfiWBBaOmyRnLMb-RaQ5tUlzQVZvtDiB3f-O0UpOKrsFsl5JRoCsMQQAvD_BwE\" target=\"_blank\" rel=\"noopener noreferrer nofollow\"><strong>UNHCR<\/strong><\/a> Spokesperson for Southern Europe. In collaboration with <strong>London College of Fashion<\/strong> and <strong>Goldsmiths College, University of London<\/strong>, UNHCR and the <em>Rothko in Lampedusa <\/em>exhibition are organizing the <strong>Spreading CreActivity<\/strong> round table to reflect on the role of creativity for women and men living as refugees, with contributions from <strong>Matteo Ward<\/strong>, <strong>Frances Corner, Lina Abirafeh, Sue Clayton, Carlotta Sami, Pratap Rughani<\/strong>. <a href=\"https:\/\/www.veneziadavivere.com\/en\/art-as-a-means-of-integration-at-the-rothko-in-lampedusa-exhibition\/\" target=\"_blank\" rel=\"noopener noreferrer\">Read more<\/a> <\/p>\n<p><strong>Program<\/strong>:<br \/>\n6:00 PM \u2013 Presentation and opening of the conference<br \/>\n6:15 PM \u2013 THINK TANK I <strong>Dress For Our Time<\/strong>, conversation: Pratap Rughani, Helen Storey, Matteo Ward<br \/>\n6:45 PM: break<br \/>\n7:00 PM \u2013 THINK TANK II <strong>From displacement to empowerment<\/strong>: how can we empower women and girls to create new futures? Conversation: Frances Corner, Sue Clayton, Carlotta Sami, Lina Abirafeh<br \/>\n7:45 PM: Question time. <\/p>\n<div class=\"rgg-container\" data-rgg-id=\"6\">    <div class=\"rgg-imagegrid captions-overlay-hover-show captions-effect-slide_up \" data-rgg-id=\"6\">\n                    <a  title=\"\" data-caption=\"\" class=\" size-large rgg-img\" data-ratio=\"0.625\">\n                <img decoding=\"async\" class=\"rgg-tile-img\" src=\"https:\/\/www.veneziadavivere.com\/wp-content\/uploads\/2019\/11\/Bianca-Balti-Helen-Storey-UNHCR-4.jpg\" sizes=\"(max-width: 500px) 100vw, 500px\" alt=\"\" loading=\"lazy\" \/>            <\/a>\n                    <a  title=\"\" data-caption=\"\" class=\" size-large rgg-img\" data-ratio=\"1.6\">\n                <img decoding=\"async\" class=\"rgg-tile-img\" src=\"https:\/\/www.veneziadavivere.com\/wp-content\/uploads\/2019\/11\/Bianca-Balti-Helen-Storey-UNHCR-1.jpg\" sizes=\"(max-width: 1024px) 100vw, 1024px\" alt=\"\" loading=\"lazy\" \/>            <\/a>\n            <\/div>\n<\/div>\n<div class=\"rgg-container\" data-rgg-id=\"8\">    <div class=\"rgg-imagegrid captions-overlay-hover-show captions-effect-slide_up \" data-rgg-id=\"8\">\n                    <a  title=\"\" data-caption=\"\" class=\" size-large rgg-img\" data-ratio=\"1.5009380863039\">\n                <img decoding=\"async\" class=\"rgg-tile-img\" src=\"https:\/\/www.veneziadavivere.com\/wp-content\/uploads\/2019\/11\/Professor-Frances-Corner-OBE.jpg\" sizes=\"(max-width: 800px) 100vw, 800px\" alt=\"Professor Frances Corner\" loading=\"lazy\" \/>            <\/a>\n                    <a  title=\"\" data-caption=\"\" class=\" size-large rgg-img\" data-ratio=\"1.0709504685408\">\n                <img decoding=\"async\" class=\"rgg-tile-img\" src=\"https:\/\/www.veneziadavivere.com\/wp-content\/uploads\/2019\/11\/Dress-For-OUr-Time-Helen-Storey-jpg.jpg\" sizes=\"(max-width: 800px) 100vw, 800px\" alt=\"\" loading=\"lazy\" \/>            <\/a>\n                    <a  title=\"\" data-caption=\"\" class=\" size-large rgg-img\" data-ratio=\"1.007556675063\">\n                <img decoding=\"async\" class=\"rgg-tile-img\" src=\"https:\/\/www.veneziadavivere.com\/wp-content\/uploads\/2019\/11\/Matteo-Ward.jpg\" srcset=\"https:\/\/www.veneziadavivere.com\/wp-content\/uploads\/2019\/11\/Matteo-Ward.jpg 800w, https:\/\/www.veneziadavivere.com\/wp-content\/uploads\/2019\/11\/Matteo-Ward-150x150.jpg 150w\" sizes=\"(max-width: 800px) 100vw, 800px\" alt=\"Matteo Ward\" loading=\"lazy\" \/>            <\/a>\n            <\/div>\n<\/div>\n<h3><\/h3>\n<h3>Closing Party of the exhibition La Regola del Sogno<\/h3>\n<p>Last day to immerse yourself once more in the oneiric dream of <strong>Fornasetti at T Fondaco dei Tedeschi<\/strong>. A party with a DJ set among irreverent monkeys, female faces, and suspended hands on <strong>Friday, November 22 <\/strong>from 9:30 PM marks the <strong>finissage of the exhibition <\/strong><strong><a href=\"https:\/\/www.veneziadavivere.com\/fornasetti-venezia-t-fondaco-dei-tedeschi\/\" target=\"_blank\" rel=\"noopener noreferrer\">La Regola del Sogno<\/a><\/strong>, an installation by Barnaba Fornasetti and Valeria Manzi. <\/p>\n<p>DJ set by <strong>Andrea Peso<\/strong>. Cocktails by <strong>Lucas Kelm<\/strong> of Amo Restaurant, T Fondaco dei Tedeschi. <\/p>\n<div class=\"rgg-container\" data-rgg-id=\"10\">    <div class=\"rgg-imagegrid captions-overlay-hover-show captions-effect-slide_up \" data-rgg-id=\"10\">\n                    <a  title=\"\" data-caption=\"\" class=\" size-large rgg-img\" data-ratio=\"0.7998046875\">\n                <img decoding=\"async\" class=\"rgg-tile-img\" src=\"https:\/\/www.veneziadavivere.com\/wp-content\/uploads\/2019\/11\/Fornasetti-Katia-Mi-per-Tfondaco.jpg\" srcset=\"https:\/\/www.veneziadavivere.com\/wp-content\/uploads\/2019\/11\/Fornasetti-Katia-Mi-per-Tfondaco.jpg 1280w, https:\/\/www.veneziadavivere.com\/wp-content\/uploads\/2019\/11\/Fornasetti-Katia-Mi-per-Tfondaco-1229x1536.jpg 1229w\" sizes=\"(max-width: 819px) 100vw, 819px\" alt=\"\" loading=\"lazy\" \/>            <\/a>\n                    <a  title=\"\" data-caption=\"\" class=\" size-large rgg-img\" data-ratio=\"1.6\">\n                <img decoding=\"async\" class=\"rgg-tile-img\" src=\"https:\/\/www.veneziadavivere.com\/wp-content\/uploads\/2019\/04\/fornasetti.jpeg\" sizes=\"(max-width: 1024px) 100vw, 1024px\" alt=\"\" loading=\"lazy\" \/>            <\/a>\n                    <a  title=\"\" data-caption=\"\" class=\" size-large rgg-img\" data-ratio=\"0.8\">\n                <img decoding=\"async\" class=\"rgg-tile-img\" src=\"https:\/\/www.veneziadavivere.com\/wp-content\/uploads\/2019\/11\/Fornasetti-Atmolex-per-Tfondaco.jpg\" sizes=\"(max-width: 640px) 100vw, 640px\" alt=\"\" loading=\"lazy\" \/>            <\/a>\n            <\/div>\n<\/div>\n<h3>Festa della Madonna della Salute<\/h3>\n<p>November is a month with strong symbolic meaning for Venetians because on November 21, the <strong>Madonna della Salute<\/strong> is celebrated. Throughout the day, the city&#8217;s most majestic church is open without interruption, and to facilitate the pilgrimage, a <strong>votive bridge<\/strong> connecting the two banks is erected over the Grand Canal. The bridge will remain open continuously until 6:00 AM on Friday, November 22.  <\/p>\n<p>The anniversary originates from the great <strong>plague epidemic<\/strong> that struck all of northern Italy between 1630 and 1631. On October 22, 1630, the Doge of Venice made a vow to erect a grandiose and solemn votive temple if the city survived the disease. A few weeks later, the epidemic slowed down abruptly and then regressed until it died out in November 1631. The government then decreed to repeat every year, as a sign of gratitude, the <strong>procession in honor of the Madonna<\/strong>, known since then as the &#8220;Salute,&#8221; and the government of the Republic commissioned <strong>Baldassare Longhena<\/strong> for the design of the temple.   <\/p>\n<div class=\"rgg-container\" data-rgg-id=\"12\">    <div class=\"rgg-imagegrid captions-overlay-hover-show captions-effect-slide_up \" data-rgg-id=\"12\">\n                    <a  title=\"\" data-caption=\"\" class=\" size-large rgg-img\" data-ratio=\"1.3333333333333\">\n                <img decoding=\"async\" class=\"rgg-tile-img\" src=\"https:\/\/www.veneziadavivere.com\/wp-content\/uploads\/2019\/11\/Festa-della-Madonna-della-Salute-2-e1636011716355.jpg\" sizes=\"(max-width: 800px) 100vw, 800px\" alt=\"Feast-of-the-Madonna-della-Salute-2\" loading=\"lazy\" \/>            <\/a>\n                    <a  title=\"\" data-caption=\"\" class=\" size-large rgg-img\" data-ratio=\"1.6\">\n                <img decoding=\"async\" class=\"rgg-tile-img\" src=\"https:\/\/www.veneziadavivere.com\/wp-content\/uploads\/2017\/12\/Palazzo-Grassi.jpg\" sizes=\"(max-width: 1024px) 100vw, 1024px\" alt=\"Palazzo Grassi - Poetry Slam\" loading=\"lazy\" \/>            <\/a>\n                    <a  title=\"\" data-caption=\"\" class=\" size-large rgg-img\" data-ratio=\"1.6\">\n                <img decoding=\"async\" class=\"rgg-tile-img\" src=\"https:\/\/www.veneziadavivere.com\/wp-content\/uploads\/2019\/11\/Gabriel-Bella-Sposalizio-alla-Salute.jpg\" sizes=\"(max-width: 800px) 100vw, 800px\" alt=\"Gabriel-Bella-Marriage-at-the-Salute\" loading=\"lazy\" \/>            <\/a>\n            <\/div>\n<\/div>\n<h3>Free admission to Palazzo Grassi for students and residents, events and workshops<\/h3>\n<p>On the occasion of the Feast of the Madonna della Salute, on <strong>Thursday, November 21<\/strong>, admission to the museums of <strong>Punta della Dogana<\/strong> and <strong>Palazzo Grassi<\/strong> is <strong>free<\/strong> for residents of the Metropolitan City of Venice and for <strong>students of Venetian universities<\/strong>. At the Teatrino di Palazzo Grassi at 6:30 PM, the electro-acoustic artist and composer <strong>Tarek Atoui<\/strong> presents the performance THE GROUND Sessions. <a class=\"cta cta-link\" href=\"https:\/\/www.palazzograssi.it\/it\/eventi\/tutti\/tarek-atoui-the-ground-sessions\/\" target=\"_blank\" rel=\"nofollow noreferrer noopener\" aria-label=\"Scopri di pi\u00f9\"><span class=\"char1\" aria-hidden=\"true\">Find out more<\/span><\/a>  <\/p>\n<p><strong>Thursday, November 21, 2019<\/strong><br \/>\n<strong>Tarek Atoui &#8211; THE GROUND Sessions<\/strong><br \/>\n<strong>Palazzo Grassi and Teatrino di Palazzo Grassi<\/strong><\/p>\n<p><a href=\"https:\/\/www.palazzograssi.it\/it\/eventi\/tutti\/tarek-atoui-the-ground-sessions\/\" target=\"_blank\" rel=\"noopener noreferrer nofollow\"><strong>THE GROUND Sessions<\/strong><\/a> is a series of <strong>performances<\/strong> written by electro-acoustic artist and composer <strong>Tarek Atoui<\/strong>, derived from the composition THE GROUND currently on display at the 58th International Art Exhibition. For each movement, Tarek Atoui composes intricate sound environments, inviting other performers to participate.   <a href=\"https:\/\/www.palazzograssi.it\/it\/eventi\/tutti\/tarek-atoui-the-ground-sessions\/\" target=\"_blank\" rel=\"noopener noreferrer nofollow\">Read more<\/a><\/p>\n<p><strong>Thursday, November 21 from 6:30 PM<\/strong><br \/>\n<strong>Teatrino di Palazzo Grassi<\/strong><br \/>\nMusicians <strong>Alan Affichard<\/strong>, <strong>Igor Porte<\/strong>, and <strong>Rosario Sorbello<\/strong> improvise together with <strong>Tomoko Sauvage<\/strong> in the foyer of the Teatrino, while in the auditorium <strong>Daniel Araya<\/strong> reworks the sounds produced by the quartet and transforms them into <strong>techno, ambient, and acid music<\/strong>.<br \/>\nFree admission while seats last.<\/p>\n<p><strong>Saturday, November 23 at 3:00 PM<\/strong><br \/>\n<strong>Grand Tour with S.M.A.K.<\/strong><br \/>\n<strong>Teatrino di Palazzo Grassi<\/strong><br \/>\nHow can a contemporary art museum, in its role as a cultural institution, tourist attraction, and socio-cultural actor, remain in contact with the society that surrounds it? Palazzo Grassi \u2013 Punta della Dogana hosts the new edition of <strong>Grand Tour<\/strong>, this year curated by <a href=\"https:\/\/smak.be\" target=\"_blank\" rel=\"noopener noreferrer nofollow\"><strong>S.M.A.K., Stedelijk Museum voor Actuele Kunst<\/strong><\/a>, the contemporary art museum of <strong>Ghent<\/strong> (Belgium). <strong>Meeting in English. <\/strong>Participation by invitation. <\/p>\n<p><strong>3:00 PM and 4:30 PM<\/strong><br \/>\n<em>I wish I was my own country so I could be home anywhere &#8211; Create your own flag<\/em><br \/>\n<strong>Workshop for everyone in Italian, English, and French<\/strong>. Participants are invited to identify the values that matter most in their lives to conceive colorful flags depicting real people and universal themes such as love, peace, compassion, family, and home. <strong>The workshop relates to the work carried out by the S.M.A.K. museum with refugees<\/strong> and seeks to give a voice to those who cannot speak. Free admission while seats last, by reservation: <a class=\"cta cta-link\" href=\"https:\/\/form.jotformeu.com\/93014878824364\" target=\"_blank\" rel=\"nofollow noreferrer noopener\" aria-label=\"clicca qui e compila il form per iscriverti\"><span class=\"char14\" aria-hidden=\"true\">Free registration<\/span><\/a>  <\/p>\n<p>&nbsp;<\/p>\n<div class=\"rgg-container\" data-rgg-id=\"14\">    <div class=\"rgg-imagegrid captions-overlay-hover-show captions-effect-slide_up \" data-rgg-id=\"14\">\n                    <a  title=\"\" data-caption=\"\" class=\" size-large rgg-img\" data-ratio=\"1\">\n                <img decoding=\"async\" class=\"rgg-tile-img\" src=\"https:\/\/www.veneziadavivere.com\/wp-content\/uploads\/2019\/11\/EE15FE13-D89D-4D6E-824C-2B7B61BC511D.jpeg\" srcset=\"https:\/\/www.veneziadavivere.com\/wp-content\/uploads\/2019\/11\/EE15FE13-D89D-4D6E-824C-2B7B61BC511D.jpeg 1024w, https:\/\/www.veneziadavivere.com\/wp-content\/uploads\/2019\/11\/EE15FE13-D89D-4D6E-824C-2B7B61BC511D-150x150.jpeg 150w\" sizes=\"(max-width: 1024px) 100vw, 1024px\" alt=\"\" loading=\"lazy\" \/>            <\/a>\n                    <a  title=\"\" data-caption=\"\" class=\" size-large rgg-img\" data-ratio=\"0.555\">\n                <img decoding=\"async\" class=\"rgg-tile-img\" src=\"https:\/\/www.veneziadavivere.com\/wp-content\/uploads\/2019\/10\/scianna2.jpg\" sizes=\"(max-width: 444px) 100vw, 444px\" alt=\"Scianna\" loading=\"lazy\" \/>            <\/a>\n                    <a  title=\"\" data-caption=\"\" class=\" size-large rgg-img\" data-ratio=\"0.66625\">\n                <img decoding=\"async\" class=\"rgg-tile-img\" src=\"https:\/\/www.veneziadavivere.com\/wp-content\/uploads\/2018\/09\/Foto-23-02-18-10-14-01.jpg\" sizes=\"(max-width: 533px) 100vw, 533px\" alt=\"Tessitura Bevilacqua - bag\" loading=\"lazy\" \/>            <\/a>\n            <\/div>\n<\/div>\n<p><strong>Until November 24<\/strong><br \/>\n<strong>Casa Dei Tre Oci, Venice<\/strong><br \/>\n<strong>#VeneziaAllOpera<\/strong><br \/>\n<strong>A look at hidden Venetian arts<\/strong><br \/>\nAt the <strong>Casa Dei Tre Oci <\/strong>on Giudecca, it is possible until November 24 to <strong>discover Venetian excellence in craftsmanship<\/strong> with a photographic exhibition: <strong>Venezia All&#8217;Opera<\/strong> showcases <strong>14 historic entities <\/strong>of the Venetian artisanal tradition through the eyes of two young photographers, <strong>Giovanni Genzini<\/strong> and <strong>Alberto Papagni<\/strong>, guided by <strong>Denis Curti<\/strong>, curator of the exhibition and Artistic Director of the <strong>Casa dei Tre Oci<\/strong>, where the retrospective of <strong>Ferdinando Scianna<\/strong>, a reference figure in international contemporary photography, remains until <strong>February 2, 2020<\/strong>, curated by <strong>Denis Curti<\/strong>, <strong>Paola Bergna<\/strong>, and <strong>Alberto Bianda<\/strong>. Read <a href=\"https:\/\/www.veneziadavivere.com\/en\/journey-narrative-memory-ferdinando-scianna-at-casa-dei-tre-oci\/\" target=\"_blank\" rel=\"noopener noreferrer\">more<\/a><\/p>\n<p><strong>Saturday, November 23 at 5:00 PM<\/strong><br \/>\n<strong>Sounds words stories<\/strong><br \/>\n&#8220;Books are among the few images of the future that men have been able to invent,&#8221; says <strong>Ferdinando Scianna<\/strong> regarding his collaborations with writers such as Sciascia, Borges, and Montalb\u00e1n. An engaging experience between sound suggestions and readings aloud.<br \/>\nVoice <strong>Sabina Italiano<\/strong>, double bass <strong>Marco Centasso,<\/strong> clarinet <strong>Alberto Collodel<\/strong>. <a href=\"http:\/\/treoci.org\/index.php\/it\/\" target=\"_blank\" rel=\"noopener noreferrer nofollow\">Information<\/a> <\/p>\n<p>&nbsp;<\/p>\n<div class=\"rgg-container\" data-rgg-id=\"16\">    <div class=\"rgg-imagegrid captions-overlay-hover-show captions-effect-slide_up \" data-rgg-id=\"16\">\n                    <a  title=\"\" data-caption=\"\" class=\" size-large rgg-img\" data-ratio=\"1.7937219730942\">\n                <img decoding=\"async\" class=\"rgg-tile-img\" src=\"https:\/\/www.veneziadavivere.com\/wp-content\/uploads\/2019\/11\/BUSTROFEDICO_12.jpg\" sizes=\"(max-width: 800px) 100vw, 800px\" alt=\"BUSTROFEDICO_12\" loading=\"lazy\" \/>            <\/a>\n                    <a  title=\"\" data-caption=\"\" class=\" size-large rgg-img\" data-ratio=\"1.5009380863039\">\n                <img decoding=\"async\" class=\"rgg-tile-img\" src=\"https:\/\/www.veneziadavivere.com\/wp-content\/uploads\/2019\/11\/AR_1.jpg\" sizes=\"(max-width: 800px) 100vw, 800px\" alt=\"BUSTROFEDICO_\" loading=\"lazy\" \/>            <\/a>\n            <\/div>\n<\/div>\n<p>&nbsp;<\/p>\n<p><strong>Saturday, November 23, 2019, at 8:00 PM<\/strong><br \/>\n<strong>BUSTROFEDICO<\/strong> <strong>by Anna Franceschini<\/strong><br \/>\n<strong>Sala Cesetti &#8211; Bauer Hotel <\/strong><\/p>\n<p>On Saturday, November 23 at 8:00 PM, the short film created by <strong>Anna Franceschini<\/strong> and produced by <strong>In Between Art Film<\/strong> and <strong>Gluck50<\/strong> will be presented in the <strong>Sala Cesetti<\/strong> <strong>of the Hotel Bauer<\/strong>. <strong>BUSTROFEDICO<\/strong> is a special project documenting the exhibition for the <strong>Italian Pavilion<\/strong> of the 58th International Art Exhibition of the Venice Biennale <em><strong>Neither this nor another: The challenge to the Labyrinth<\/strong><\/em>, curated by <strong>Milovan Farronato<\/strong>. <\/p>\n<p>The exhibition brings together works by <strong>Enrico David<\/strong>, <strong>Chiara Fumai<\/strong>, and <strong>Liliana Moro<\/strong>. The screening is followed by a special performance by the Italian writer <strong>Isabella Santacroce<\/strong>, who will transport the audience from the labyrinthine dimension of the exhibition to the equally intricate and enchanting dimension of her literature. <\/p>\n<p>As unique as the entire project is the finissage of the Italian Pavilion exhibition: an afterparty curated by the electronic music duo <strong>Blinky<\/strong> at the <strong>Piccolo Mondo <\/strong>nightclub at the Accademia.<\/p>\n<div class=\"rgg-container\" data-rgg-id=\"18\">    <div class=\"rgg-imagegrid captions-overlay-hover-show captions-effect-slide_up \" data-rgg-id=\"18\">\n                    <a  title=\"\" data-caption=\"\" class=\" size-large rgg-img\" data-ratio=\"1.3333333333333\">\n                <img decoding=\"async\" class=\"rgg-tile-img\" src=\"https:\/\/www.veneziadavivere.com\/wp-content\/uploads\/2019\/11\/GG_19.jpg\" sizes=\"(max-width: 800px) 100vw, 800px\" alt=\"\" loading=\"lazy\" \/>            <\/a>\n                    <a  title=\"\" data-caption=\"\" class=\" size-large rgg-img\" data-ratio=\"1.3333333333333\">\n                <img decoding=\"async\" class=\"rgg-tile-img\" src=\"https:\/\/www.veneziadavivere.com\/wp-content\/uploads\/2019\/11\/GG_29.jpg\" sizes=\"(max-width: 800px) 100vw, 800px\" alt=\"GG\" loading=\"lazy\" \/>            <\/a>\n            <\/div>\n<\/div>\n<h3>Opening of the exhibition I dreamed a dream curated by <strong>Domenico de Chirico<\/strong><\/h3>\n<p><strong>Saturday, November 30 at 6:00 PM<\/strong><br \/>\n<strong>Opening of the exhibition<br \/>\n<\/strong><strong>I dreamed a dream \u2013 Chapter 1<br \/>\n<\/strong>curated by <strong>Domenico de Chirico<\/strong><br \/>\n<strong>Marignana Arte<\/strong><\/p>\n<p>Artists: <strong>Giuseppe Adamo, Stijn Ank, Mats Bergquist, Nancy Genn, Sophie Ko, Artur Lescher, T\u00falio Pinto, Anne Laure Sacriste, Antonio Scaccabarozzi, Ver\u00f3nica V\u00e1zquez.<\/strong><\/p>\n<p>The dream is a psychic phenomenon linked to sleep, which generally occurs during REM sleep phases, and is strongly characterized by the perception, even in a fragmentary way, of images and sounds recognized as apparently real.<\/p>\n<p>The exhibition is conceived as the content of a never-revealed dream in which various images follow one another, like the fantastic reproduction that takes place in the consciousness of the content of a sensory experience or the free elaboration of what could be the content of such an experience.<\/p>\n<p>Each work is accompanied by verses by the poet <strong>Paolo Gambi<\/strong>, which seek to penetrate the essence of creation and translate it into words, from the experimental perspective of an exploration of the relationship between visual art and poetry. <a href=\"http:\/\/www.marignanaarte.it\" target=\"_blank\" rel=\"noopener noreferrer nofollow\">Read more<\/a><\/p>\n<div class=\"rgg-container\" data-rgg-id=\"20\">    <div class=\"rgg-imagegrid captions-overlay-hover-show captions-effect-slide_up \" data-rgg-id=\"20\">\n                    <a  title=\"\" data-caption=\"\" class=\" size-large rgg-img\" data-ratio=\"1.7777777777778\">\n                <img decoding=\"async\" class=\"rgg-tile-img\" src=\"https:\/\/www.veneziadavivere.com\/wp-content\/uploads\/2019\/11\/unnamed-2.jpg\" sizes=\"(max-width: 800px) 100vw, 800px\" alt=\"\" loading=\"lazy\" \/>            <\/a>\n                    <a  title=\"\" data-caption=\"\" class=\" size-large rgg-img\" data-ratio=\"1.6\">\n                <img decoding=\"async\" class=\"rgg-tile-img\" src=\"https:\/\/www.veneziadavivere.com\/wp-content\/uploads\/2017\/11\/marignanaarte.jpg\" srcset=\"https:\/\/www.veneziadavivere.com\/wp-content\/uploads\/2017\/11\/marignanaarte.jpg 800w, https:\/\/www.veneziadavivere.com\/wp-content\/uploads\/2017\/11\/marignanaarte-300x188.jpg 300w, https:\/\/www.veneziadavivere.com\/wp-content\/uploads\/2017\/11\/marignanaarte-768x480.jpg 768w\" sizes=\"(max-width: 800px) 100vw, 800px\" alt=\"marignanaarte\" loading=\"lazy\" \/>            <\/a>\n            <\/div>\n<\/div>\n<p>&nbsp;<\/p>\n<p>&nbsp;<\/p>\n<p><strong>Children<\/strong><\/p>\n<p>For the little ones, <strong>KIDS DAYS<\/strong> organized by the <strong>Peggy Guggenheim Collection<\/strong> return, free workshops aimed at children aged between 4 and 10 that take place <strong>every Sunday from 3:00 PM to 4:30 PM<\/strong> at the museum. The project introduces young visitors to modern and contemporary art in an accessible and engaging way. Read <a href=\"http:\/\/www.guggenheim-venice.it\/education\/kids-day.html\" target=\"_blank\" rel=\"noopener noreferrer nofollow\">here<\/a> to discover the upcoming appointments.  <\/p>\n<p><strong>Saturday, November 23 at 4:00 PM<br \/>\nTHREAD AND SHADOW. PORTRAITS IN FORM! <\/strong><br \/>\n<strong>Casa dei Tre Oci<\/strong><br \/>\nA <strong>workshop<\/strong> for children aged 6 to 10 on <strong>Saturday, November 23 at 4:00 PM<\/strong>.<\/p>\n<p><a href=\"http:\/\/treoci.org\/index.php\/it\/2013-02-05-10-09-00\/didattica\/item\/428-laboratorio-per-bambini-filo-e-ombra-23-11\" target=\"_blank\" rel=\"noopener noreferrer nofollow\">Read more<\/a><\/p>\n<div class=\"rgg-container\" data-rgg-id=\"22\">    <div class=\"rgg-imagegrid captions-overlay-hover-show captions-effect-slide_up \" data-rgg-id=\"22\">\n                    <a  title=\"Auditorium of S. Giorgio by Marco Valmara\" data-caption=\"Auditorium of S. Giorgio by Marco Valmara\" class=\" size-large rgg-img\" data-ratio=\"1.6\">\n                <img decoding=\"async\" class=\"rgg-tile-img\" src=\"https:\/\/www.veneziadavivere.com\/wp-content\/uploads\/2019\/11\/Auditorium-S.-Giorgio-Marco-Valmara-dper-sito.jpg\" sizes=\"(max-width: 800px) 100vw, 800px\" alt=\"Auditorium of S. Giorgio by Marco Valmara\" loading=\"lazy\" \/><span class=\"rgg-caption-container\"><span class=\"rgg-caption\"><span class=\"rgg-inner-caption\">Auditorium of S. Giorgio by Marco Valmara<\/span><\/span><\/span>            <\/a>\n                    <a  title=\"\" data-caption=\"\" class=\" size-large rgg-img\" data-ratio=\"1.6\">\n                <img decoding=\"async\" class=\"rgg-tile-img\" src=\"https:\/\/www.veneziadavivere.com\/wp-content\/uploads\/2019\/11\/barchetta-veneziadavivere-celestalis.jpg\" sizes=\"(max-width: 800px) 100vw, 800px\" alt=\"barchetta-veneziadavivere-celestalis\" loading=\"lazy\" \/>            <\/a>\n            <\/div>\n<\/div>\n<p><em>Photos are by Marco Valmarana @marcovalmarana, Lorenzo Cinotti @celestalis, and Laura Scarpa <\/em><em>for Venezia da Vivere.<\/em><\/p>\n<p>[\/vc_column_text][\/vc_column][\/vc_row][vc_row css=&#8221;.vc_custom_1497475540233{margin-top: 50px !important;}&#8221; el_class=&#8221;box-info&#8221;][vc_column width=&#8221;1\/2&#8243;][vc_column_text]<\/p>\n<\/div>","protected":false},"excerpt":{"rendered":"<p>[vc_row][vc_column][vc_column_text] Many events close the month of November in Venice: free admissions, finissages and openings, Biennale, Peggy Guggenheim Collection, Palazzo Grassi, and the Feast of the Madonna della Salute Free entry to the Biennale for Venetians: Thursday 21 and Friday 22 November, coinciding with the Feast of the Madonna della Salute, La Biennale di Venezia [&hellip;]<\/p>\n","protected":false},"author":3,"featured_media":17771,"comment_status":"closed","ping_status":"closed","sticky":false,"template":"","format":"standard","meta":{"_genesis_hide_title":false,"_genesis_hide_breadcrumbs":false,"_genesis_hide_singular_image":false,"_genesis_hide_footer_widgets":false,"_genesis_custom_body_class":"","_genesis_custom_post_class":"","_genesis_layout":"","footnotes":""},"categories":[147,84],"tags":[],"class_list":["post-44236","post","type-post","status-publish","format-standard","has-post-thumbnail","category-culture","category-news","entry"],"_links":{"self":[{"href":"https:\/\/www.veneziadavivere.com\/en\/wp-json\/wp\/v2\/posts\/44236","targetHints":{"allow":["GET"]}}],"collection":[{"href":"https:\/\/www.veneziadavivere.com\/en\/wp-json\/wp\/v2\/posts"}],"about":[{"href":"https:\/\/www.veneziadavivere.com\/en\/wp-json\/wp\/v2\/types\/post"}],"author":[{"embeddable":true,"href":"https:\/\/www.veneziadavivere.com\/en\/wp-json\/wp\/v2\/users\/3"}],"replies":[{"embeddable":true,"href":"https:\/\/www.veneziadavivere.com\/en\/wp-json\/wp\/v2\/comments?post=44236"}],"version-history":[{"count":10,"href":"https:\/\/www.veneziadavivere.com\/en\/wp-json\/wp\/v2\/posts\/44236\/revisions"}],"predecessor-version":[{"id":44264,"href":"https:\/\/www.veneziadavivere.com\/en\/wp-json\/wp\/v2\/posts\/44236\/revisions\/44264"}],"wp:featuredmedia":[{"embeddable":true,"href":"https:\/\/www.veneziadavivere.com\/en\/wp-json\/wp\/v2\/media\/17771"}],"wp:attachment":[{"href":"https:\/\/www.veneziadavivere.com\/en\/wp-json\/wp\/v2\/media?parent=44236"}],"wp:term":[{"taxonomy":"category","embeddable":true,"href":"https:\/\/www.veneziadavivere.com\/en\/wp-json\/wp\/v2\/categories?post=44236"},{"taxonomy":"post_tag","embeddable":true,"href":"https:\/\/www.veneziadavivere.com\/en\/wp-json\/wp\/v2\/tags?post=44236"}],"curies":[{"name":"wp","href":"https:\/\/api.w.org\/{rel}","templated":true}]}}